{"id":285,"date":"2014-01-12T12:21:27","date_gmt":"2014-01-12T12:21:27","guid":{"rendered":"http:\/\/die-gruenen-meppen.de\/?p=285"},"modified":"2014-01-13T07:04:33","modified_gmt":"2014-01-13T07:04:33","slug":"politischer-fruhschoppen-im-kolpinghaus","status":"publish","type":"post","link":"https:\/\/gruene-emsland-mitte.de\/?p=285","title":{"rendered":"Politischer Fr\u00fchschoppen im Kolpinghaus"},"content":{"rendered":"<h1>Die Meppener Parteien stellen ihren Kandidaten vor<\/h1>\n<p><a href=\"https:\/\/gruene-emsland-mitte.de\/wp-content\/uploads\/2014\/01\/IMG_0006.jpg\"><img loading=\"lazy\" decoding=\"async\" class=\"aligncenter size-medium wp-image-286\" title=\"IMG_0006\" src=\"https:\/\/gruene-emsland-mitte.de\/wp-content\/uploads\/2014\/01\/IMG_0006-300x110.jpg\" alt=\"\" width=\"500\" height=\"180\" \/><\/a>FDP, B\u00fcndnis 90\/Die Gr\u00fcnen, UWG, Kandidat Knurrbein, SPD &#8211; In dieser Aufstellung traten sie an und in dieser Aufstellung wollen sie die B\u00fcrgermeisterwahlen am 25. Mai in Meppen gewinnen. Offensichtlich war die Veranstaltung mit Spanung erwartet worden, denn die gro\u00dfe Zahl der Besucher \u00fcberraschte alle Redner und lie\u00df die Hoffnung auf einen spannenden Wahlverlauf sprie\u00dfen.<\/p>\n<p><a href=\"https:\/\/gruene-emsland-mitte.de\/wp-content\/uploads\/2014\/01\/IMG_0013.jpg\"><img loading=\"lazy\" decoding=\"async\" class=\"alignleft size-medium wp-image-290\" title=\"IMG_0013\" src=\"https:\/\/gruene-emsland-mitte.de\/wp-content\/uploads\/2014\/01\/IMG_0013-300x233.jpg\" alt=\"\" width=\"300\" height=\"233\" srcset=\"https:\/\/gruene-emsland-mitte.de\/wp-content\/uploads\/2014\/01\/IMG_0013-300x233.jpg 300w, https:\/\/gruene-emsland-mitte.de\/wp-content\/uploads\/2014\/01\/IMG_0013-1024x797.jpg 1024w\" sizes=\"auto, (max-width: 300px) 100vw, 300px\" \/><\/a>Helmut Knurbein stellte sich im Kolpinghaus zum ersten Mal den Meppener B\u00fcrgerinnen und B\u00fcrgern als ihr Kandidat vor und lie\u00df keine Zweifel aufkommen, dass mit ihm als B\u00fcrgermeister in Meppen ein neuer Wind wehen wird: Zugehen auf die W\u00e4hlerInnen, Anh\u00f6ren der Anliegen, faire Behandlung aller Fraktionen &#8211; das sind T\u00f6ne, welche in Meppen derzeit nicht zu vernehmen sind. Obwohl der jetzige B\u00fcrgermeister nicht direkt angegriffen wurde, war doch sowohl beim Kandidaten als auch bei den Zuh\u00f6rern deutlich sp\u00fcrbar, dass die Unzufriedenheit mit JE Bohling gro\u00df ist.<\/p>\n<p>Um seine Offenheit zu demonstrieren, verzichtete Helmut Knurbein auf langamtige Reden, sondern ging von Tisch zu Tisch und kam mit allen verbl\u00fcffend schnell ins Gespr\u00e4ch.<\/p>\n<p>Wenn die vier Parteien vorhatten, einen neuen Stil zu pr\u00e4sentieren, so ist ihnen das vollauf gelungen.<\/p>\n<p>&nbsp;<\/p>\n","protected":false},"excerpt":{"rendered":"<p>Die Meppener Parteien stellen ihren Kandidaten vor FDP, B\u00fcndnis 90\/Die Gr\u00fcnen, UWG, Kandidat Knurrbein, SPD &#8211; In dieser Aufstellung traten sie an und in dieser Aufstellung wollen sie die B\u00fcrgermeisterwahlen [&hellip;]<\/p>\n","protected":false},"author":-1,"featured_media":0,"comment_status":"open","ping_status":"open","sticky":false,"template":"","format":"standard","meta":{"footnotes":""},"categories":[3],"tags":[],"class_list":["post-285","post","type-post","status-publish","format-standard","hentry","category-allgemein"],"_links":{"self":[{"href":"https:\/\/gruene-emsland-mitte.de\/index.php?rest_route=\/wp\/v2\/posts\/285","targetHints":{"allow":["GET"]}}],"collection":[{"href":"https:\/\/gruene-emsland-mitte.de\/index.php?rest_route=\/wp\/v2\/posts"}],"about":[{"href":"https:\/\/gruene-emsland-mitte.de\/index.php?rest_route=\/wp\/v2\/types\/post"}],"author":[{"embeddable":true,"href":"https:\/\/gruene-emsland-mitte.de\/index.php?rest_route=\/wp\/v2\/users\/1"}],"replies":[{"embeddable":true,"href":"https:\/\/gruene-emsland-mitte.de\/index.php?rest_route=%2Fwp%2Fv2%2Fcomments&post=285"}],"version-history":[{"count":4,"href":"https:\/\/gruene-emsland-mitte.de\/index.php?rest_route=\/wp\/v2\/posts\/285\/revisions"}],"predecessor-version":[{"id":301,"href":"https:\/\/gruene-emsland-mitte.de\/index.php?rest_route=\/wp\/v2\/posts\/285\/revisions\/301"}],"wp:attachment":[{"href":"https:\/\/gruene-emsland-mitte.de\/index.php?rest_route=%2Fwp%2Fv2%2Fmedia&parent=285"}],"wp:term":[{"taxonomy":"category","embeddable":true,"href":"https:\/\/gruene-emsland-mitte.de\/index.php?rest_route=%2Fwp%2Fv2%2Fcategories&post=285"},{"taxonomy":"post_tag","embeddable":true,"href":"https:\/\/gruene-emsland-mitte.de\/index.php?rest_route=%2Fwp%2Fv2%2Ftags&post=285"}],"curies":[{"name":"wp","href":"https:\/\/api.w.org\/{rel}","templated":true}]}}