{"id":2877,"date":"2025-02-12T17:03:43","date_gmt":"2025-02-12T17:03:43","guid":{"rendered":"https:\/\/gruene-emsland-mitte.de\/?p=2877"},"modified":"2025-07-17T12:41:52","modified_gmt":"2025-07-17T12:41:52","slug":"lesung-mit-katja-diehl-am-11-02-2025-in-leer","status":"publish","type":"post","link":"https:\/\/gruene-emsland-mitte.de\/?p=2877","title":{"rendered":"Lesung mit Katja Diehl am 11.02.2025 in Leer"},"content":{"rendered":"\n<p>Auf gro\u00dfes Interesse stie\u00df am Dienstag, den 11.02.2025, die Lesung \u201eWie kommen wir denn dahin?\u201c mit der Bestseller-Autorin Katja Diehl, zu der der Kreisverband Leer von B\u00fcndnis 90\/Die Gr\u00fcnen ins Leeraner Zollhaus-Caf\u00e9 eingeladen hatte. In gem\u00fctlicher Atmosph\u00e4re er\u00f6ffnete Stephan Christ (MdL), nieders\u00e4chsischer Sprecher f\u00fcr Mobilit\u00e4t und Verkehr aus der Gr\u00fcnen Landtagsfraktion, die Veranstaltung mit einer Rede. Die Moderation \u00fcbernahm Anna Hanses aus dem Kreisverband Emsland. Katja pr\u00e4sentierte einige mitrei\u00dfende Passagen aus ihrem Buch, dem Spiegel-Bestseller \u201eRaus aus der AUTOkratie \u2013 rein in die Mobilit\u00e4t von morgen!\u201c erschienen im Fischer Verlag. Gemeinsam f\u00fchrten Katja und Anna die circa 50 Interessierten durch verschiedene Perspektiven auf unsere Abh\u00e4ngigkeit vom Verkehrssystem der Automobilit\u00e4t.<\/p>\n\n\n\n<figure class=\"wp-block-image size-full\"><a href=\"https:\/\/gruene-emsland-mitte.de\/wp-content\/uploads\/2025\/07\/1DE449CD-EF0D-4EF8-B02F-3FD9DA9AC730-1.jpeg\"><img loading=\"lazy\" decoding=\"async\" width=\"608\" height=\"456\" src=\"https:\/\/gruene-emsland-mitte.de\/wp-content\/uploads\/2025\/07\/1DE449CD-EF0D-4EF8-B02F-3FD9DA9AC730-1.jpeg\" alt=\"\" class=\"wp-image-2880\" srcset=\"https:\/\/gruene-emsland-mitte.de\/wp-content\/uploads\/2025\/07\/1DE449CD-EF0D-4EF8-B02F-3FD9DA9AC730-1.jpeg 608w, https:\/\/gruene-emsland-mitte.de\/wp-content\/uploads\/2025\/07\/1DE449CD-EF0D-4EF8-B02F-3FD9DA9AC730-1-400x300.jpeg 400w, https:\/\/gruene-emsland-mitte.de\/wp-content\/uploads\/2025\/07\/1DE449CD-EF0D-4EF8-B02F-3FD9DA9AC730-1-150x113.jpeg 150w\" sizes=\"auto, (max-width: 608px) 100vw, 608px\" \/><\/a><figcaption class=\"wp-element-caption\"><em>Anna Hannes vom OV Emsland-Mitte f\u00fchrte durch den Abend mit Katja Diehl<\/em><\/figcaption><\/figure>\n\n\n\n<p>Der Bedarf nach einer<\/p>\n\n\n\n<ul class=\"wp-block-list\">\n<li>barrierefreien,<\/li>\n\n\n\n<li>klimagerechten,<\/li>\n\n\n\n<li>kindersicheren und<\/li>\n\n\n\n<li>f\u00fcr alle erschwinglichen Mobilit\u00e4t<\/li>\n<\/ul>\n\n\n\n<p>ist gro\u00df und dringlich. Trotzdem geschieht auf dieser Ebene wenig bis nichts. Die Mobilit\u00e4tswende sei nicht nur ein technisches, sondern vor allem ein gesellschaftliches Projekt.<\/p>\n\n\n\n<p>Mit ihrem Expertinnenwissen, ihrer positiven Ausstrahlung und Kreativit\u00e4t zeigte Katja Diehl Insights und Konzepte auf, die die Menschen kennen m\u00fcssen, um den Willen f\u00fcr einen Wandel zu entwickeln: <em>\u201eUnser Verkehrssystem ist in seiner heutigen Form nicht nur klimasch\u00e4dlich, sondern auch diskriminierend, da circa 30 % der Gesamtbev\u00f6lkerung Deutschlands nicht am Automobilverkehr teilnehmen will oder kann\u201c,<\/em> so Katja. Unser Ziel sollte also immer sein, dass m\u00f6glichst alle Menschen ohne eigenes Auto selbstbestimmt und sicher mobil sein k\u00f6nnen: eine gerechtere Perspektive auf unser Verkehrssystem und die Teilhabem\u00f6glichkeiten.<\/p>\n\n\n\n<figure class=\"wp-block-image size-full\"><a href=\"https:\/\/gruene-emsland-mitte.de\/wp-content\/uploads\/2025\/07\/6E9FAF8B-5C5D-4D76-82A5-C0ED25CCEE0B.jpeg\"><img loading=\"lazy\" decoding=\"async\" width=\"658\" height=\"490\" src=\"https:\/\/gruene-emsland-mitte.de\/wp-content\/uploads\/2025\/07\/6E9FAF8B-5C5D-4D76-82A5-C0ED25CCEE0B.jpeg\" alt=\"\" class=\"wp-image-2881\" srcset=\"https:\/\/gruene-emsland-mitte.de\/wp-content\/uploads\/2025\/07\/6E9FAF8B-5C5D-4D76-82A5-C0ED25CCEE0B.jpeg 658w, https:\/\/gruene-emsland-mitte.de\/wp-content\/uploads\/2025\/07\/6E9FAF8B-5C5D-4D76-82A5-C0ED25CCEE0B-400x298.jpeg 400w, https:\/\/gruene-emsland-mitte.de\/wp-content\/uploads\/2025\/07\/6E9FAF8B-5C5D-4D76-82A5-C0ED25CCEE0B-150x112.jpeg 150w\" sizes=\"auto, (max-width: 658px) 100vw, 658px\" \/><\/a><figcaption class=\"wp-element-caption\"><em>Viele interessierte Besucher kamen, um den Worten der Bestseller Autorin Katja Diehl zu lauschen<\/em><\/figcaption><\/figure>\n\n\n\n<p>Anna Hanses vom Kreisverband Emsland zur Veranstaltung mit Katja: <em>\u201eWir schlie\u00dfen mit unserem derzeitigen Mobilit\u00e4tskonzept ganze Gruppen aus diesem System aus. Da fragt Katja zurecht in ihrem Buch: Echte Wahlfreiheit m\u00fcsste bedeuten, selbst entscheiden zu d\u00fcrfen, ob man ein Auto braucht, oder nicht?&#8220;<\/em><\/p>\n\n\n\n<p>&nbsp;&nbsp; Text: Frank K\u00f6ster-D\u00fcpree und Anna Hanses<br>Abbildung, Fotos: Frank K\u00f6ster-D\u00fcpree und M. Tammena<\/p>\n\n\n\n<figure class=\"wp-block-image size-full\"><a href=\"https:\/\/gruene-emsland-mitte.de\/wp-content\/uploads\/2025\/07\/2F0DAABF-ED57-421B-8027-4BDF70B08FA2.jpeg\"><img loading=\"lazy\" decoding=\"async\" width=\"439\" height=\"552\" src=\"https:\/\/gruene-emsland-mitte.de\/wp-content\/uploads\/2025\/07\/2F0DAABF-ED57-421B-8027-4BDF70B08FA2.jpeg\" alt=\"\" class=\"wp-image-2882\" srcset=\"https:\/\/gruene-emsland-mitte.de\/wp-content\/uploads\/2025\/07\/2F0DAABF-ED57-421B-8027-4BDF70B08FA2.jpeg 439w, https:\/\/gruene-emsland-mitte.de\/wp-content\/uploads\/2025\/07\/2F0DAABF-ED57-421B-8027-4BDF70B08FA2-400x503.jpeg 400w, https:\/\/gruene-emsland-mitte.de\/wp-content\/uploads\/2025\/07\/2F0DAABF-ED57-421B-8027-4BDF70B08FA2-119x150.jpeg 119w\" sizes=\"auto, (max-width: 439px) 100vw, 439px\" \/><\/a><\/figure>\n","protected":false},"excerpt":{"rendered":"<p>Auf gro\u00dfes Interesse stie\u00df am Dienstag, den 11.02.2025, die Lesung \u201eWie kommen wir denn dahin?\u201c mit der Bestseller-Autorin Katja Diehl, zu der der Kreisverband Leer von B\u00fcndnis 90\/Die Gr\u00fcnen ins [&hellip;]<\/p>\n","protected":false},"author":-1,"featured_media":2879,"comment_status":"closed","ping_status":"open","sticky":false,"template":"","format":"standard","meta":{"footnotes":""},"categories":[3],"tags":[],"class_list":["post-2877","post","type-post","status-publish","format-standard","has-post-thumbnail","hentry","category-allgemein"],"_links":{"self":[{"href":"https:\/\/gruene-emsland-mitte.de\/index.php?rest_route=\/wp\/v2\/posts\/2877","targetHints":{"allow":["GET"]}}],"collection":[{"href":"https:\/\/gruene-emsland-mitte.de\/index.php?rest_route=\/wp\/v2\/posts"}],"about":[{"href":"https:\/\/gruene-emsland-mitte.de\/index.php?rest_route=\/wp\/v2\/types\/post"}],"author":[{"embeddable":true,"href":"https:\/\/gruene-emsland-mitte.de\/index.php?rest_route=\/wp\/v2\/users\/11"}],"replies":[{"embeddable":true,"href":"https:\/\/gruene-emsland-mitte.de\/index.php?rest_route=%2Fwp%2Fv2%2Fcomments&post=2877"}],"version-history":[{"count":1,"href":"https:\/\/gruene-emsland-mitte.de\/index.php?rest_route=\/wp\/v2\/posts\/2877\/revisions"}],"predecessor-version":[{"id":2883,"href":"https:\/\/gruene-emsland-mitte.de\/index.php?rest_route=\/wp\/v2\/posts\/2877\/revisions\/2883"}],"wp:featuredmedia":[{"embeddable":true,"href":"https:\/\/gruene-emsland-mitte.de\/index.php?rest_route=\/wp\/v2\/media\/2879"}],"wp:attachment":[{"href":"https:\/\/gruene-emsland-mitte.de\/index.php?rest_route=%2Fwp%2Fv2%2Fmedia&parent=2877"}],"wp:term":[{"taxonomy":"category","embeddable":true,"href":"https:\/\/gruene-emsland-mitte.de\/index.php?rest_route=%2Fwp%2Fv2%2Fcategories&post=2877"},{"taxonomy":"post_tag","embeddable":true,"href":"https:\/\/gruene-emsland-mitte.de\/index.php?rest_route=%2Fwp%2Fv2%2Ftags&post=2877"}],"curies":[{"name":"wp","href":"https:\/\/api.w.org\/{rel}","templated":true}]}}