{"id":2890,"date":"2025-04-15T14:16:20","date_gmt":"2025-04-15T14:16:20","guid":{"rendered":"https:\/\/gruene-emsland-mitte.de\/?p=2890"},"modified":"2025-07-17T14:19:15","modified_gmt":"2025-07-17T14:19:15","slug":"bericht-der-ag-landwirtschaft-vom-15-04-2025","status":"publish","type":"post","link":"https:\/\/gruene-emsland-mitte.de\/?p=2890","title":{"rendered":"Bericht der AG Landwirtschaft vom 15.04.2025"},"content":{"rendered":"\n<p><\/p>\n\n\n\n<p><strong>Agrardieselr\u00fcckverg\u00fctung \u2013 Analyse und Handlungsbedarf<\/strong><\/p>\n\n\n\n<p>Die AG Landwirtschaft hat sich in ihrer Sitzung am 15.04.2025 die Agrardieselr\u00fcckverg\u00fctung und deren Auswirkungen auf landwirtschaftliche Betriebe anhand realer Rechenbeispiele angeschaut.&nbsp;<\/p>\n\n\n\n<p>Die gesetzliche Situation gestaltet sich derzeit so, dass die europarechtliche Grundlage, die Richtlinie 2003\/96\/EG, allen EU-Mitgliedstaaten die M\u00f6glichkeit bietet, jeweils steuerliche Erm\u00e4\u00dfigungen f\u00fcr die Landwirtschaft zu gew\u00e4hren. Diese Option hat Deutschland bis einschlie\u00dflich letztem Jahr vollst\u00e4ndig genutzt. Zuletzt plante die Bundesregierung der Ampel-Koalition eine schrittweise Abschaffung der Verg\u00fcnstigungen bis 2025. Im aktuellen Entwurf des Koalitionsvertrags zwischen der CDU\/CSU und der SPD wird das vollst\u00e4ndige Comeback der Agrardiesel-R\u00fcckverg\u00fctung angek\u00fcndigt. Zudem wird erw\u00e4hnt, dass der \u201eEinsatz alternativer Kraftstoffe in der Land- und Forstwirtschaft von der Energiesteuer\u201c befreit werden soll.<\/p>\n\n\n\n<p>Die AG hat anhand einem Realbeispiel eines Kartoffelbetriebes errechnet, wie die j\u00e4hrliche Mehrbelastung durch den Wegfall der R\u00fcckverg\u00fctung ab 2025 aussehen k\u00f6nnte: f\u00fcr den zugrunde liegenden Betrieb mit 100 Hektar Ackerfl\u00e4che liegt laut den eigenen Berechnungen die Mehrbelastung im mittleren zweistelligen Euro-Bereich pro Hektar. Unber\u00fccksichtigt blieben in der Berechnung die tendenziell weiter steigenden Dieselpreise und Maschinenstundens\u00e4tze.<\/p>\n\n\n\n<p>Im europ\u00e4ischen Vergleich wurde deutlich, dass Deutschland derzeit zu den Hochsteuerl\u00e4ndern f\u00fcr Agrardiesel liegt (47,0 Ct\/L) w\u00e4hrend L\u00e4nder wie Spanien, Frankreich oder D\u00e4nemark deutlich niedrigere Steuers\u00e4tze anwenden. Nur die Niederlande liegt mit 51,6 Ct\/L etwas h\u00f6her.<\/p>\n\n\n\n<p>Angesichts der klimapolitischen Ziele und des ohnehin bestehenden Preisdruckes auf landwirtschaftliche Erzeugnisse bedarf es in Zukunft einer Abw\u00e4gung zwischen steuerlicher Entlastung, Wettbewerbsf\u00e4higkeit und einer transformativen Lenkungswirkung. Eine einseitige Belastung aber auch eine einseitige Bezuschussung der Landwirtschaft ohne flankierende Ma\u00dfnahmen w\u00fcrde die Transformationsf\u00e4higkeit der Betriebe zu einem Teil gef\u00e4hrden \u2013 besonders vor dem Hintergrund der aktuellen Umwelt-Krisen und der notwendigen Ma\u00dfnahmen innerhalb der Landwirtschaft. Kleine familiengef\u00fchrte, b\u00e4uerliche Betriebe sollen ebenso die M\u00f6glichkeit erhalten, die Transformation zu mehr Klimaschutz und zu ges\u00fcnderen, wettbewerbsf\u00e4higen Produkten bew\u00e4ltigen k\u00f6nnen.<\/p>\n","protected":false},"excerpt":{"rendered":"<p>Agrardieselr\u00fcckverg\u00fctung \u2013 Analyse und Handlungsbedarf Die AG Landwirtschaft hat sich in ihrer Sitzung am 15.04.2025 die Agrardieselr\u00fcckverg\u00fctung und deren Auswirkungen auf landwirtschaftliche Betriebe anhand realer Rechenbeispiele angeschaut.&nbsp; Die gesetzliche Situation [&hellip;]<\/p>\n","protected":false},"author":-1,"featured_media":0,"comment_status":"closed","ping_status":"open","sticky":false,"template":"","format":"standard","meta":{"footnotes":""},"categories":[3],"tags":[],"class_list":["post-2890","post","type-post","status-publish","format-standard","hentry","category-allgemein"],"_links":{"self":[{"href":"https:\/\/gruene-emsland-mitte.de\/index.php?rest_route=\/wp\/v2\/posts\/2890","targetHints":{"allow":["GET"]}}],"collection":[{"href":"https:\/\/gruene-emsland-mitte.de\/index.php?rest_route=\/wp\/v2\/posts"}],"about":[{"href":"https:\/\/gruene-emsland-mitte.de\/index.php?rest_route=\/wp\/v2\/types\/post"}],"author":[{"embeddable":true,"href":"https:\/\/gruene-emsland-mitte.de\/index.php?rest_route=\/wp\/v2\/users\/11"}],"replies":[{"embeddable":true,"href":"https:\/\/gruene-emsland-mitte.de\/index.php?rest_route=%2Fwp%2Fv2%2Fcomments&post=2890"}],"version-history":[{"count":1,"href":"https:\/\/gruene-emsland-mitte.de\/index.php?rest_route=\/wp\/v2\/posts\/2890\/revisions"}],"predecessor-version":[{"id":2891,"href":"https:\/\/gruene-emsland-mitte.de\/index.php?rest_route=\/wp\/v2\/posts\/2890\/revisions\/2891"}],"wp:attachment":[{"href":"https:\/\/gruene-emsland-mitte.de\/index.php?rest_route=%2Fwp%2Fv2%2Fmedia&parent=2890"}],"wp:term":[{"taxonomy":"category","embeddable":true,"href":"https:\/\/gruene-emsland-mitte.de\/index.php?rest_route=%2Fwp%2Fv2%2Fcategories&post=2890"},{"taxonomy":"post_tag","embeddable":true,"href":"https:\/\/gruene-emsland-mitte.de\/index.php?rest_route=%2Fwp%2Fv2%2Ftags&post=2890"}],"curies":[{"name":"wp","href":"https:\/\/api.w.org\/{rel}","templated":true}]}}