{"id":29,"date":"2011-03-13T18:51:26","date_gmt":"2011-03-13T18:51:26","guid":{"rendered":"http:\/\/die-gruenen-meppen.de\/?p=29"},"modified":"2021-08-04T09:05:38","modified_gmt":"2021-08-04T09:05:38","slug":"professoren-gegen-die-organisierte-verantwortungslosigkeit","status":"publish","type":"post","link":"https:\/\/gruene-emsland-mitte.de\/?p=29","title":{"rendered":"Professoren gegen die organisierte Verantwortungslosigkeit"},"content":{"rendered":"<p>Willkommen beim Ortsverband B\u00fcndnis 90 Die Gr\u00fcnen in Meppen<\/p>\n<table width=\"1004\" border=\"0\" cellspacing=\"0\" cellpadding=\"0\">\n<tbody>\n<tr>\n<td valign=\"top\" bgcolor=\"#FFFFFF\" width=\"720\">&nbsp;<\/p>\n<div align=\"left\">\n<p><span style=\"color: #4db848;\"><strong>Professoren gegen die organisierte Verantwortungslosigkeit (Massentierhaltung)<\/strong><\/span><\/p>\n<p class=\"MsoNormal\">Ver\u00f6ffentlicht am 19. Mai 2010<\/p>\n<p><img loading=\"lazy\" decoding=\"async\" src=\"tierhaltung\/image001.jpg\" alt=\"\" width=\"269\" height=\"180\" border=\"0\">In<br \/>\nden Niederladen haben sich knapp 250 Professoren zusammengeschlossen, um f\u00fcr<br \/>\nein Ende der industrialisierten Massentierhaltung einzutreten. In einem<br \/>\nPositionspapier verdeutlichen die Wissenschaftler die Probleme der<br \/>\nMassentierhaltung und zeigen L\u00f6sungsm\u00f6glichkeiten auf.<\/p>\n<p>Auch wenn wir in der Vergangenheit schon auf praktisch alle Punkte des<br \/>\nPapiers eingegangen sind: Die niederl\u00e4ndischen Professoren bringen die<br \/>\nverschiedenen Themenbereiche so zielgenau auf den Punkt, dass wir sie in freier<br \/>\n\u00dcbersetzung zusammenfassen. <strong>Bitte beachten Sie, dass die Formulierungen<br \/>\nvon f\u00fchrenden Wissenschaftlern und nicht von Tierrechtsorganisationen stammen.<\/strong><\/p>\n<h3><strong>Tierschutz<\/strong><\/h3>\n<p>Die industrielle Massentierhaltung hat sich zu einem effizienten,<br \/>\ntechnisierten System entwickelt, in dem Tiere den Bed\u00fcrfnissen der Industrie<br \/>\nangepasst werden. Das geht bis zu dem Punkt, dass die Tiere meist ohne<br \/>\nBet\u00e4ubung verst\u00fcmmelt werden: Schn\u00e4bel, Schw\u00e4nze, H\u00f6rner und Geschlechtsteile<br \/>\nwerden abgetrennt, Z\u00e4hne werden abgeschliffen.<\/p>\n<p>Die Tiere sind teilweise so \u00fcberz\u00fcchtet, dass sie buchst\u00e4blich zu Tode<br \/>\nwachsen (<a title=\"Infos zur H\u00fchnermast\" href=\"http:\/\/albert-schweitzer-stiftung.de\/tierschutzinfos\/nutztiere\/huehnermast\" target=\"_self\" rel=\"noopener noreferrer\">Masth\u00fchner<\/a>), ihre Nachkommen<br \/>\nnicht mehr auf nat\u00fcrliche Weise auf die Welt bringen k\u00f6nnen (<a title=\"Infos zur Rinderhaltung\" href=\"http:\/\/albert-schweitzer-stiftung.de\/tierschutzinfos\/nutztiere\/rinderhaltung\" target=\"_self\" rel=\"noopener noreferrer\">Milchk\u00fche<\/a>) und ihnen<br \/>\nProbleme mit Herzen und Beinen angeboren sind (<a title=\"Infos zur Schweinehaltung\" href=\"http:\/\/albert-schweitzer-stiftung.de\/tierschutzinfos\/nutztiere\/schweinemast\" target=\"_self\" rel=\"noopener noreferrer\">Schweine<\/a>). K\u00e4lber werden<br \/>\nsofort nach der Geburt von ihren M\u00fcttern getrennt und leiden an Blutarmut, weil<br \/>\nihnen kaum Eisen zugef\u00fchrt wird, damit sie helles Fleisch liefern. Die Br\u00fcder<br \/>\nvon Legehennen werden nach dem Schl\u00fcpfen <a title=\"Bilder aus der Br\u00fcterei (Shreddern von K\u00fcken)\" href=\"http:\/\/albert-schweitzer-stiftung.de\/aktuell\/bilder-aus-der-brueterei\" target=\"_self\" rel=\"noopener noreferrer\">vergast<br \/>\noder zerh\u00e4ckselt<\/a>, weil es keine Verwendung f\u00fcr sie gibt. Bei der<br \/>\nSchlachtung gibt es <a title=\"Protest gegen Fehlbet\u00e4ubungen bei der Schlachtung\" href=\"http:\/\/albert-schweitzer-stiftung.de\/tierschutz-aktiv\/petitionen\/schlachtung\" target=\"_self\" rel=\"noopener noreferrer\">keine<br \/>\nGarantie daf\u00fcr, dass die Tiere wirkungsvoll bet\u00e4ubt wurden<\/a>, oder dass sie<br \/>\nwirklich tot sind, wenn sie am Schlachthaken h\u00e4ngen.<\/p>\n<p>Dass es soweit kommen konnte, erkl\u00e4ren die Professoren mit dem<br \/>\npsychologischen Ph\u00e4nomen der pluralistischen Ignoranz: Verbraucher und sogar<br \/>\nLandwirte missbilligen prinzipiell die Zust\u00e4nde in der Tierhaltung, beruhigen<br \/>\nsich jedoch damit, dass niemand etwas unternimmt, weshalb es ja doch nicht so<br \/>\nschlimm sein kann. Und wenn es doch schlimm w\u00e4re, w\u00fcrde ja die Regierung etwas<br \/>\nunternehmen. Dieses Nichtstun wird wiederum von Politikern und Unternehmen so<br \/>\ngedeutet, dass die Konsumenten mit den g\u00e4ngigen Praktiken einverstanden sind,<br \/>\nwodurch sich der Kreis wieder schlie\u00dft: Alle Beteiligten denken, dass alles in<br \/>\nOrdnung w\u00e4re, weil niemand etwas unternimmt.<\/p>\n<p>Selbst wenn Konsumenten sich bem\u00fchen, Lebensmittel mit erh\u00f6hten<br \/>\nTierschutzstandards zu kaufen, wird es ihnen sehr schwer gemacht. Das<br \/>\nBio-Siegel ist beispielsweise kein Garant f\u00fcr hohe Standards (Anm. d. Red.).<\/p>\n<h3><strong>Zerst\u00f6rung der B\u00f6den<\/strong><\/h3>\n<p>Bei der Produktion jedes Kilogramms Fleisch entstehen ca. 6 kgG\u00fclle. In Regionen mit<br \/>\nintensiver Massentierhaltung sind die Folgen sind eine Vers\u00e4uerung und<br \/>\n\u00dcberd\u00fcngung der B\u00f6den sowie die Verunreinigung von Grund- und Trinkwasser.<br \/>\nWeitere Folgen sind \u2013 je nach Lage \u2013 die Ver\u00f6dung von Gr\u00fcnland und Waldsterben.<br \/>\nAuch die Fauna wird durch die \u00dcberd\u00fcngung gesch\u00e4digt (insbesondere gro\u00dfe<br \/>\nInsekten), was negative Auswirkungen auf gesamte \u00d6kosysteme hat.<\/p>\n<p>Phosphat ist ein essentieller N\u00e4hrstoff f\u00fcr Pflanzen. Dadurch, dass Futter<br \/>\nh\u00e4ufig aus dem Ausland importiert wird, importieren wir gro\u00dfe Mengen dieses<br \/>\nMinerals, das Tiere \u00fcber ihre Exkremente wieder ausscheiden, wodurch hier eine<br \/>\nsch\u00e4dliche \u00dcber- und im Ausland eine Unterversorgung entsteht, die<br \/>\nvoraussichtlich noch in diesem Jahrhundert zu gravierenden Problemen f\u00fchren<br \/>\nwird. In einem Satz: Wir setzen die Zukunft der Nahrungsmittelversorgung aufs<br \/>\nSpiel.<\/p>\n<h3><strong>Weltern\u00e4hrung<\/strong><\/h3>\n<p>Durchschnittlich 5 kg<br \/>\nGetreide werden ben\u00f6tigt, um 1<br \/>\nkg Fleisch zu produzieren. Bereits 40% der weltweiten<br \/>\nGetreideernte werden von \u00bbNutztieren\u00ab verschlungen, und wenn die Prognosen der<br \/>\nWeltern\u00e4hrungsorganisationen zutreffen, wird sich die Nachfrage nach Fleisch<br \/>\nbis zum Jahr 2050 verdoppeln. Bereits jetzt werden Regenw\u00e4lder f\u00fcr die<br \/>\nFleischproduktion abgeholzt und bereits jetzt <a title=\"zum Welthungertag\" href=\"http:\/\/albert-schweitzer-stiftung.de\/aktuell\/welthungertag-2009\" target=\"_self\" rel=\"noopener noreferrer\">leiden eine Milliarde Menschen an<br \/>\nHunger<\/a>. Und das, obwohl weltweit genug pflanzliche Lebensmittel produziert<br \/>\nwerden k\u00f6nnen, um weit mehr als 10 Milliarden Menschen zu ern\u00e4hren.<\/p>\n<h3><strong>Wasserverschwendung<\/strong><\/h3>\n<p>Die Fleischproduktion <a title=\"zum Weltwassertag\" href=\"http:\/\/albert-schweitzer-stiftung.de\/aktuell\/weltwassertag-jeden-tag-baden-und-trotzdem-sparen\" target=\"_self\" rel=\"noopener noreferrer\">verschlingt besonders viel Wasser<\/a>.<br \/>\nEs wird vorausgesagt, dass bereits im Jahr 2017 70% der Weltbev\u00f6lkerung<br \/>\nProbleme mit dem Zugang zu ausreichend S\u00fc\u00dfwasser haben werden, und trotzdem<br \/>\nverbrauchen wir gro\u00dfe Mengen davon f\u00fcr die Fleischproduktion \u2013 insbesondere in<br \/>\n\u00e4rmeren L\u00e4ndern, die Futter produzieren.<\/p>\n<h3><strong>Klimawandel<\/strong><\/h3>\n<p>Laut Weltern\u00e4hrungsorganisation verursacht die Tierhaltung 50% mehr<br \/>\nTreibhausgase als alle PKW, LKW, Z\u00fcge, Schiffe und Flugzeuge zusammen. Neuere<br \/>\nSch\u00e4tzungen kommen sogar zu <a title=\"Wie klimasch\u00e4dlich ist der Fleischkonsum wirklich\" href=\"http:\/\/albert-schweitzer-stiftung.de\/aktuell\/wie-klimaschaedlich-ist-fleischkonsum-wirklich\" target=\"_self\" rel=\"noopener noreferrer\">noch<br \/>\ndramatischeren Ergebnissen<\/a>.<\/p>\n<h3><strong>\u00d6ffentliche Gesundheit<\/strong><\/h3>\n<p>Alle ernstzunehmenden Experten raten, den Konsum tierischer Proteine und<br \/>\nFette stark zu reduzieren. Trotzdem werden mittels nationaler und europ\u00e4ischer<br \/>\nSteuergelder Kampagnen finanziert, die einen noch h\u00f6heren Verzehr bewerben. So<br \/>\nwachsen die Risiken an Herz- und Gef\u00e4\u00dfkrankheiten, <a title=\"Die krebserregensten Lebensmittel - und die ges\u00fcndesten\" href=\"http:\/\/albert-schweitzer-stiftung.de\/aktuell\/die-krebserregendsten-lebensmittel-und-die-gesuendesten\" target=\"_self\" rel=\"noopener noreferrer\">Krebs<\/a>,<br \/>\n<a title=\"Normalgewichtige in der Minderheit\" href=\"http:\/\/albert-schweitzer-stiftung.de\/aktuell\/normalgewichtige-in-der-minderheit\" target=\"_self\" rel=\"noopener noreferrer\">Fettleibigkeit<\/a><br \/>\nund Diabetes zu leiden, weiter an.<\/p>\n<p>Weitere Gesundheitsrisiken ergeben sich aus der Verwendung von <a title=\"Massentierhaltung und Antibiotikaresistenzen\" href=\"http:\/\/albert-schweitzer-stiftung.de\/aktuell\/massentierhaltung-und-antibiotikaresistenzen\" target=\"_self\" rel=\"noopener noreferrer\">Antibiotika<\/a><br \/>\nin der Tierhaltung, was zu resistenten Krankheitserregern f\u00fchrt. Au\u00dferdem wird<br \/>\nes zunehmend schwieriger, H\u00fchnerfleisch zu kaufen, das nicht mit Salmonellen<br \/>\noder Campylobacter belastet ist. In allen anderen Bereichen der<br \/>\nLebensmittelerzeugung w\u00fcrde das zu Konfiszierungen und der Schlie\u00dfung von<br \/>\nFabriken f\u00fchren. In der Fleischproduktion wird es dagegen fast schon als normal<br \/>\nangesehen.<\/p>\n<h3><strong>Finanzielle Auswirkungen<\/strong><\/h3>\n<p>Die Argumente vieler Politiker und Massentierhalter lassen sich so<br \/>\nzusammenfassen: Eine wachsende Agrarindustrie tr\u00e4gt zum Wirtschafts-, Export-<br \/>\nund Einkommenswachstum (der Massentierhalter) bei und ist daher zu begr\u00fc\u00dfen.<\/p>\n<p>Dem sind zwei Argumente entgegenzuhalten: Wenn ethische Grenzen<br \/>\n\u00fcberschritten werden (siehe \u00bbTierschutz\u00ab), werden finanzielle \u00dcberlegungen<br \/>\nirrelevant. Heutzutage verteidigt auch niemand mehr die Sklavenhaltung oder die<br \/>\nKinderarbeit, auch wenn durch sie eventuell wirtschaftliche Vorteile zu<br \/>\nerreichen w\u00e4ren. Au\u00dferdem ist die Argumentation der wirtschaftlichen Vorteile<br \/>\nschlichtweg falsch, weil sie nicht die hohen Kosten einberechnet, die Mensch,<br \/>\nTier und Umwelt durch die Fleischproduktion auferlegt werden (siehe ebenfalls<br \/>\noben).<\/p>\n<h3><strong>Zehn Forderungen der Wissenschaftler<\/strong><\/h3>\n<p>1)&nbsp;&nbsp;&nbsp;&nbsp;&nbsp; Die Regierungen m\u00fcssen Ver\u00e4nderungen<br \/>\neinleiten. Die Anstrengungen am Markt bzw. der Verbraucher reichen nicht aus.<br \/>\nUnabh\u00e4ngige Regierungen sind notwendig (die Unabh\u00e4ngigkeit vieler Politiker ist<br \/>\nin Frage zu stellen).<\/p>\n<p>2)&nbsp;&nbsp;&nbsp;&nbsp;&nbsp; Der Konsum tierischer Produkte muss bis<br \/>\n2020 um mindestens 33% gesenkt werden. Die Regierungen m\u00fcssen die<br \/>\n\u00d6ffentlichkeit \u00fcber die Folgen des Konsums von Lebensmitteln tierischen<br \/>\nUrsprungs intensiv und offen informieren.<\/p>\n<p>3)&nbsp;&nbsp;&nbsp;&nbsp;&nbsp; Alle Kosten der Fleisch- und<br \/>\nMilchproduktion inkl. Umweltzerst\u00f6rung und Belastungen des Gesundheitssystems<br \/>\nm\u00fcssen in die Preise einberechnet werden. Zus\u00e4tzlich dazu sollte noch eine weitere<br \/>\nSteuer auf diese Produkte erhoben werden.<\/p>\n<p>4)&nbsp;&nbsp;&nbsp;&nbsp;&nbsp; Wenn sich kein internationaler oder<br \/>\neurop\u00e4ischer Konsens finden l\u00e4sst, m\u00fcssen einzelne L\u00e4nder sich allein als<br \/>\nVorbilder positionieren.<\/p>\n<p>5)&nbsp;&nbsp;&nbsp;&nbsp;&nbsp; Dem Tierschutz muss eine zentrale Position<br \/>\neinger\u00e4umt werden, der sich deutlich in Verfassung und Gesetzen niederschl\u00e4gt<br \/>\nund die schlimmsten Praktiken (siehe oben) verbietet.<\/p>\n<p>6)&nbsp;&nbsp;&nbsp;&nbsp;&nbsp; Die Verwendung von Antibiotika und Hormonen<br \/>\nin der Produktion tierischer Produkte muss verboten werden.<\/p>\n<p>7)&nbsp;&nbsp;&nbsp;&nbsp;&nbsp; Der Anfang sollte darin bestehen, wieder<br \/>\ngeschlossene Kreisl\u00e4ufe in der Lebensmittelproduktion zu etablieren.<\/p>\n<p>8)&nbsp;&nbsp;&nbsp;&nbsp;&nbsp; Bau und Expansion von<br \/>\nMassentierhaltungen&nbsp; aufgehalten werden. Es sollten gesetzliche Grenzen<br \/>\neingef\u00fchrt werden, wie viele Tiere pro Hektar, Region oder Land gehalten werden<br \/>\nd\u00fcrfen.<\/p>\n<p>9)&nbsp;&nbsp;&nbsp;&nbsp;&nbsp; Landwirte m\u00fcssen die Chance erhalten, sich<br \/>\nauf die neuen Anforderungen einzustellen. Da die Politik einen gro\u00dfen Teil der<br \/>\nSchuld f\u00fcr die falsche Entwicklung des Sektors tr\u00e4gt, sollte sie den Wandel zur<br \/>\nNachhaltigkeit unterst\u00fctzend begleiten.<\/p>\n<p>10)&nbsp;&nbsp;&nbsp; Die Entwicklung von gesunden und schmackhaften<br \/>\npflanzlichen Lebensmitteln sollte gef\u00f6rdert werden, um Konsumenten den Umstieg<br \/>\nzu einer weniger fleisch- und milchlastigen Ern\u00e4hrung zu erleichtern.<\/p>\n<p>Eine vollst\u00e4ndige englische \u00dcbersetzung des niederl\u00e4ndischen Originaltexts<br \/>\ninkl. Quellenangaben finden Sie <a title=\"Zur Initiative der Professoren\" href=\"http:\/\/www.duurzameveeteelt.nl\/english\" target=\"_blank\" rel=\"noopener noreferrer\"><strong>hier<\/strong><\/a>.<\/p>\n<p>Die Albert Schweitzer Stiftung f\u00fcr unsere Mitwelt begr\u00fc\u00dft den Versto\u00df der<br \/>\nProfessorInnen sehr und bittet Wissenschaftler in Deutschland und auf der<br \/>\nganzen Welt, sich nach dem niederl\u00e4ndischen Vorbild zusammenschlie\u00dfen, um der<br \/>\nindustriellen Massentierhaltung entgegenzutreten. Die Politik ist aufgefordert,<br \/>\ndie erdr\u00fcckende Beweislast zu den vielen negativen Auswirkungen der<br \/>\nindustriellen Massentierhaltung endlich ernst zu nehmen und entschlossen zu<br \/>\nhandeln.<\/p>\n<p>&gt;<img loading=\"lazy\" decoding=\"async\" src=\"tierhaltung\/image002.gif\" alt=\"\" width=\"1\" height=\"1\" border=\"0\"><\/p>\n<p class=\"MsoNormal\"><strong>Weitere Artikel zu:<\/strong> <a href=\"http:\/\/albert-schweitzer-stiftung.de\/aktuell\/tag\/gesundheit\">Gesundheit<\/a>,<br \/>\n<a href=\"http:\/\/albert-schweitzer-stiftung.de\/aktuell\/tag\/umwelt\">Umwelt<\/a>, <a href=\"http:\/\/albert-schweitzer-stiftung.de\/aktuell\/tag\/wissenschaft\">Wissenschaft<\/a>,<br \/>\n<a href=\"http:\/\/albert-schweitzer-stiftung.de\/aktuell\/tag\/nutztiere\">\u00bbNutztiere\u00ab<\/a><\/p>\n<h3>54 Kommentare | <a title=\"Einen Kommentar hinterlassen\" href=\"http:\/\/albert-schweitzer-stiftung.de\/aktuell\/professoren-gegen-organisierte-verantwortungslosigkeit-massentierhaltung#respond\">Zum Kommentarfeld\u00bb<\/a><\/h3>\n<ol type=\"1\" start=\"1\">\n<li class=\"MsoNormal\" style=\"mso-margin-top-alt: auto; mso-margin-bottom-alt: auto; mso-list: l2 level1 lfo3; tab-stops: list 36.0pt;\"><cite><span style=\"font-size: 10.0pt;\">ziegennarr<\/span><\/cite><span style=\"font-size: 10.0pt;\">&nbsp;schrieb am <a title=\"\" href=\"http:\/\/albert-schweitzer-stiftung.de\/aktuell\/professoren-gegen-organisierte-verantwortungslosigkeit-massentierhaltung#comment-4285\">19. Mai 2010 um 14:01<\/a>:<\/span><\/li>\n<\/ol>\n<p style=\"margin-left: 36.0pt;\">Eine tolle Zusammenfassung der wichtigen Argumente,<br \/>\ndie sollte doch jeden \u00fcberzeugen! Hab die Nachricht gleich \u00fcber facebook<br \/>\ngeteilt.<\/p>\n<ol type=\"1\" start=\"2\">\n<li class=\"MsoNormal\" style=\"mso-margin-top-alt: auto; mso-margin-bottom-alt: auto; mso-list: l2 level1 lfo3; tab-stops: list 36.0pt;\"><cite><span style=\"font-size: 10.0pt;\">Irene<\/span><\/cite><span style=\"font-size: 10.0pt;\">&nbsp;schrieb<br \/>\nam <a title=\"\" href=\"http:\/\/albert-schweitzer-stiftung.de\/aktuell\/professoren-gegen-organisierte-verantwortungslosigkeit-massentierhaltung#comment-4286\">19. Mai 2010 um 14:18<\/a>:<\/span><\/li>\n<\/ol>\n<p style=\"margin-left: 36.0pt;\">Je schneller die Forderungen der Wissenschaftler<br \/>\numgesetzt w\u00fcrden desto besser. Die Verbraucher k\u00f6nnten aber wesentlich mehr<br \/>\nerreichen als sie z. Zt. machen. Leider haben noch nicht so viele Menschen wie<br \/>\nn\u00f6tig ihre Verantwortung f\u00fcr ihren eigenen Konsum begriffen. Solange der<br \/>\nKunde\/Verbraucher f\u00fcr etwas bezahlt wird sich nichts \u00e4ndern. Wenn kein Geld<br \/>\nmehr flie\u00dft geht die Ver\u00e4nderung rasend schnell. Also fragt nach bevor ihr f\u00fcr<br \/>\netwas Geld ausgebt! Besonders auch bei Nahrungsmitteln.<\/p>\n<ol type=\"1\" start=\"3\">\n<li class=\"MsoNormal\" style=\"mso-margin-top-alt: auto; mso-margin-bottom-alt: auto; mso-list: l2 level1 lfo3; tab-stops: list 36.0pt;\"><cite><span style=\"font-size: 10.0pt;\">Marco<\/span><\/cite><span style=\"font-size: 10.0pt;\">&nbsp;schrieb<br \/>\nam <a title=\"\" href=\"http:\/\/albert-schweitzer-stiftung.de\/aktuell\/professoren-gegen-organisierte-verantwortungslosigkeit-massentierhaltung#comment-4287\">19. Mai 2010 um 15:23<\/a>:<\/span><\/li>\n<\/ol>\n<p style=\"margin-left: 36.0pt;\">Das ist zwar ein Anfang. Geht mir jedoch nicht weit<br \/>\ngenug. Warum stellt man nicht die Vorteile der vegetarischen oder veganen<br \/>\nErn\u00e4hrung in den Vordergrund.<\/p>\n<ol type=\"1\" start=\"4\">\n<li class=\"MsoNormal\" style=\"mso-margin-top-alt: auto; mso-margin-bottom-alt: auto; mso-list: l2 level1 lfo3; tab-stops: list 36.0pt;\"><cite><span style=\"font-size: 10.0pt;\"><a href=\"http:\/\/www.jasmin-engel.com\">Jasmin<br \/>\nEngel<\/a><\/span><\/cite><span style=\"font-size: 10.0pt;\">&nbsp;schrieb am <a title=\"\" href=\"http:\/\/albert-schweitzer-stiftung.de\/aktuell\/professoren-gegen-organisierte-verantwortungslosigkeit-massentierhaltung#comment-4288\">19. Mai 2010 um 16:15<\/a>:<\/span><\/li>\n<\/ol>\n<p style=\"margin-left: 36.0pt;\">Ja, es ist ein Anfang, von dem ich hoffe,<br \/>\nDeutschland macht ihn auch bald! Wenigstens!<\/p>\n<ol type=\"1\" start=\"5\">\n<li class=\"MsoNormal\" style=\"mso-margin-top-alt: auto; mso-margin-bottom-alt: auto; mso-list: l2 level1 lfo3; tab-stops: list 36.0pt;\"><cite><span style=\"font-size: 10.0pt;\">Sandra<\/span><\/cite><span style=\"font-size: 10.0pt;\">&nbsp;schrieb<br \/>\nam <a title=\"\" href=\"http:\/\/albert-schweitzer-stiftung.de\/aktuell\/professoren-gegen-organisierte-verantwortungslosigkeit-massentierhaltung#comment-4289\">19. Mai 2010 um 16:30<\/a>:<\/span><\/li>\n<\/ol>\n<p style=\"margin-left: 36.0pt;\">Hallo zusammen,<\/p>\n<p style=\"margin-left: 36.0pt;\">ich finde die Vorgehensweise sehr gut!<\/p>\n<p>L\u00e4sst sich hier nicht eine &#8222;Kampagne&#8220; daraus stricken?!<\/p>\n<p style=\"margin-left: 36.0pt;\">Nicht nur die Kompetenzen, auch die &#8222;monet\u00e4re<br \/>\nKraft&#8220; sollte geb\u00fcndelt werden.<\/p>\n<p>Also ich w\u00e4re sofort dabei! Ich habe den Eindruck, dass manchmal an zu vielen<br \/>\nFronten gek\u00e4mpft wird (nat\u00fcrlich auch berechtigter Weise). Ich habe allerdings<br \/>\ndie Erfahrung gemacht, dass dann der &#8222;finale Schlag&#8220; oder eine wirklich<br \/>\nernstzunehmende &#8222;Opposition&#8220; nicht aufgebaut werden kann.<\/p>\n<p>Stattdessen &#8222;verliert&#8220; man sich in kleinen und vielen Themengebieten. Das ist<br \/>\nsehr Schade und Nutzt letzenendes leider niemandem\u2026 Aus diesem Grund mein Tipp:<br \/>\nNach einem derartigen Bericht muss es die M\u00f6glichkeit zur Spende geben. Avazz<br \/>\nhat es vorgemacht! Wenn viele kleine Betr\u00e4ge gespendet werden, dann kommt auch<br \/>\neine ordentliche Summe zusammen. Bzw., wenn ein B\u00fcndnis gegr\u00fcndet wird, dann<br \/>\nmuss dies lediglich auch nur auf der Seite &#8222;meiner Lieblingsorganisation&#8220;<br \/>\nstehen. Bitte nicht noch eine eigene Homepage ins Leben rufen! Das ist zuviel<br \/>\nund lenkt &#8222;nur&#8220; ab!<\/p>\n<p style=\"margin-left: 36.0pt;\">Ich habe den Eindruck, dass hier in diesem<br \/>\nDiskussionsforum manchmal viel Lamentiert und &#8222;gescholten&#8220; wird. Ich bin der<br \/>\n\u00dcberzeugung, dass einige &#8222;Diskussionsteilnehmer&#8220; ihren Wirkungsgrad leider nur<br \/>\nauf diese Diskussionen hier beschr\u00e4nken\u2026Aber: Nicht jedermann\/ frau kann vor<br \/>\nLeuten stehen und f\u00fcr die eigene \u00dcberzeugung eintreten oder Flyer verteilen,<br \/>\nsich Verb\u00e4nden oder Orgas anschlie\u00dfen um Aktiv zu werden. Akzeptiert! Aber 5,00<br \/>\nEUR sollte mir meine \u00dcberzeugung schon wert sein?! ?<span style=\"font-family: Symbol; mso-ascii-font-family: 'Times New Roman'; mso-hansi-font-family: 'Times New Roman'; mso-char-type: symbol; mso-symbol-font-family: Symbol;\"><span style=\"mso-char-type: symbol; mso-symbol-font-family: Symbol;\">J<\/span><\/span>Somit schlie\u00dft sich meine<br \/>\nE-Mail wieder<span style=\"mso-spacerun: yes;\">&nbsp; <\/span><\/p>\n<p style=\"margin-left: 36.0pt;\">D.h. ich w\u00fcrde mir wirklich eine<br \/>\neuropa\u00fcbergreifende Kampagne w\u00fcnschen, die Geld einsammelt (auch Orga<br \/>\n\u00fcbergreifend!!!!) und die per Plakat\/Werbefl\u00e4chen in Gro\u00dfst\u00e4dten &#8222;sichtbar&#8220;<br \/>\nist. Die in Apothekenheftchen, auf Messen, Tagungen, etc. Einzug h\u00e4lt! Ich<br \/>\nglaube daran! Je professioneller desto besser!<\/p>\n<p style=\"margin-left: 36.0pt;\">Nichts f\u00fcr Ungut!<\/p>\n<ol type=\"1\" start=\"6\">\n<li class=\"MsoNormal\" style=\"mso-margin-top-alt: auto; mso-margin-bottom-alt: auto; mso-list: l2 level1 lfo3; tab-stops: list 36.0pt;\"><cite><span style=\"font-size: 10.0pt;\">ing. peter langecker<\/span><\/cite><span style=\"font-size: 10.0pt;\">&nbsp;schrieb am <a title=\"\" href=\"http:\/\/albert-schweitzer-stiftung.de\/aktuell\/professoren-gegen-organisierte-verantwortungslosigkeit-massentierhaltung#comment-4290\">19. Mai 2010 um 20:14<\/a>:<\/span><\/li>\n<\/ol>\n<p style=\"margin-left: 36.0pt;\">eine massentierhaltung ist nicht notwendig und<br \/>\nbringt auch den bauern nichts, da damit die preise fallen. ganz abgesehen vom<br \/>\ntierschutz.<\/p>\n<p>die massentierhaltung wird nur gef\u00f6rdert, damit die futtermittelindustrie ihren<br \/>\nabsatz hat.<\/p>\n<p>die bauern verschulden sich, machen sich noch mehr abh\u00e4ngig und m\u00fcssen laufend<br \/>\nvergr\u00f6ssern um die r\u00fcckzahlungen, steigende futtermittelpreise zu fallenden<br \/>\nfleischpreisen bedienen zu k\u00f6nnen.<\/p>\n<p>lt. berechnungen werden ca. 45 % aller tierischen produkte verschwendet !!!<\/p>\n<ol type=\"1\" start=\"7\">\n<li class=\"MsoNormal\" style=\"mso-margin-top-alt: auto; mso-margin-bottom-alt: auto; mso-list: l2 level1 lfo3; tab-stops: list 36.0pt;\"><cite><span style=\"font-size: 10.0pt;\">ing. peter langecker<\/span><\/cite><span style=\"font-size: 10.0pt;\">&nbsp;schrieb am <a title=\"\" href=\"http:\/\/albert-schweitzer-stiftung.de\/aktuell\/professoren-gegen-organisierte-verantwortungslosigkeit-massentierhaltung#comment-4291\">19. Mai 2010 um 20:22<\/a>:<\/span><\/li>\n<\/ol>\n<p style=\"margin-left: 36.0pt;\">an:@irene: du hast recht !<\/p>\n<p>bei mir auf dem land, bei den bauern und den kleinen fleischhauern gibt es<br \/>\n&#8222;abfallprodukte&#8220; oder misswirtschaft.<\/p>\n<p>die meisten menschen leben in st\u00e4dten und kaufen in superm\u00e4rkten ein.<\/p>\n<p>dort ist es pflicht, dass immer jegliches angebot vorhanden sein muss, ob es<br \/>\nverdirbt, oder nicht.<\/p>\n<p>dazu kommen die sonderangebote, wo man gr\u00f6ssere mengen billiger kaufen kann.<\/p>\n<p>wenn das nicht sofort verarbeitet wird, landet das bei vielen im m\u00fcll !<\/p>\n<p>und das betrifft fast alle lebensmittel, ausser schockolade, salzgeb\u00e4ck und<br \/>\ncola !!!!!!<\/p>\n<ol type=\"1\" start=\"8\">\n<li class=\"MsoNormal\" style=\"mso-margin-top-alt: auto; mso-margin-bottom-alt: auto; mso-list: l2 level1 lfo3; tab-stops: list 36.0pt;\"><cite><span style=\"font-size: 10.0pt;\">ing. peter langecker<\/span><\/cite><span style=\"font-size: 10.0pt;\">&nbsp;schrieb am <a title=\"\" href=\"http:\/\/albert-schweitzer-stiftung.de\/aktuell\/professoren-gegen-organisierte-verantwortungslosigkeit-massentierhaltung#comment-4292\">19. Mai 2010 um 20:23<\/a>:<\/span><\/li>\n<\/ol>\n<p style=\"margin-left: 36.0pt;\">schreibfehler an irene:<\/p>\n<p>ich meinte &#8222;keine&#8220; abfallprodukte und misswirtschaft !<\/p>\n<ol type=\"1\" start=\"9\">\n<li class=\"MsoNormal\" style=\"mso-margin-top-alt: auto; mso-margin-bottom-alt: auto; mso-list: l2 level1 lfo3; tab-stops: list 36.0pt;\"><cite><span style=\"font-size: 10.0pt;\">Infw von Jaduczynski<\/span><\/cite><span style=\"font-size: 10.0pt;\">&nbsp;schrieb am <a title=\"\" href=\"http:\/\/albert-schweitzer-stiftung.de\/aktuell\/professoren-gegen-organisierte-verantwortungslosigkeit-massentierhaltung#comment-4293\">19. Mai 2010 um 21:39<\/a>:<\/span><\/li>\n<\/ol>\n<p style=\"margin-left: 36.0pt;\">Das w\u00e4re erstrebenswert!<\/p>\n<ol type=\"1\" start=\"10\">\n<li class=\"MsoNormal\" style=\"mso-margin-top-alt: auto; mso-margin-bottom-alt: auto; mso-list: l2 level1 lfo3; tab-stops: list 36.0pt;\"><cite><span style=\"font-size: 10.0pt;\">Denise<\/span><\/cite><span style=\"font-size: 10.0pt;\">&nbsp;schrieb<br \/>\nam <a title=\"\" href=\"http:\/\/albert-schweitzer-stiftung.de\/aktuell\/professoren-gegen-organisierte-verantwortungslosigkeit-massentierhaltung#comment-4302\">21. Mai 2010 um 19:02<\/a>:<\/span><\/li>\n<\/ol>\n<p style=\"margin-left: 36.0pt;\">Das ist wirklich ein gro\u00dfartiger Artikel!<\/p>\n<p>Nur warum kommt sowas bei uns nicht in den Nachrichten, weder im Fernsehen noch<br \/>\nim Radio und steht auch in keiner Zeitung? Wie soll sich etwas \u00e4ndern wenn die<br \/>\n\u00d6ffentlichkeit einfach nicht belangt wird?<\/p>\n<p>Ich bin ziemlich sicher, dass die meisten Menschen von den oben genannten<br \/>\nArgumenten nie geh\u00f6rt haben\u2026 und auch nicht h\u00f6ren wollen! Das beschriebene<br \/>\n&#8222;Ph\u00e4nomen der pluralistischen Ignoranz&#8220; trifft eindeutig zu\u2026. wenn man doch<br \/>\netwas dagegen tun k\u00f6nnte\u2026<\/p>\n<ol type=\"1\" start=\"11\">\n<li class=\"MsoNormal\" style=\"mso-margin-top-alt: auto; mso-margin-bottom-alt: auto; mso-list: l2 level1 lfo3; tab-stops: list 36.0pt;\"><cite><span style=\"font-size: 10.0pt;\"><a href=\"http:\/\/damianduchamps.wordpress.com\">Damian<br \/>\nDuchamps<\/a><\/span><\/cite><span style=\"font-size: 10.0pt;\">&nbsp;schrieb am <a title=\"\" href=\"http:\/\/albert-schweitzer-stiftung.de\/aktuell\/professoren-gegen-organisierte-verantwortungslosigkeit-massentierhaltung#comment-4307\">22. Mai 2010 um 12:12<\/a>:<\/span><\/li>\n<\/ol>\n<p style=\"margin-left: 36.0pt;\">Ein sehr vern\u00fcnftiger Vorsto\u00df, den die<br \/>\nProfessoren in den Niederlanden da machen. Man kann das nur mit allen Mitteln<br \/>\nunterst\u00fctzen.<\/p>\n<p>@Marco<\/p>\n<p>&#8222;die Vorteile der vegetarischen oder veganen Ern\u00e4hrung in den Vordergrund&#8220;<br \/>\nstellen, wird nichts bringen, da die Mehrheit der Bev\u00f6lkerung auf Fleisch nicht<br \/>\nverzichten und beide Ern\u00e4hrungsweisen \u00f6ffentlich umstritten sind.<\/p>\n<p>Vor allem die Aufkl\u00e4rung \u00fcber die unangemessene Tierhaltung und inhumane<br \/>\nSchlachtung kann eine Verhaltens\u00e4nderung bewirken. Aufkl\u00e4rung muss vor allem<br \/>\n\u00fcber die Medien erfolgen. Auch Schulen k\u00f6nnten eine Rolle spielen.<\/p>\n<ol type=\"1\" start=\"12\">\n<li class=\"MsoNormal\" style=\"mso-margin-top-alt: auto; mso-margin-bottom-alt: auto; mso-list: l2 level1 lfo3; tab-stops: list 36.0pt;\"><cite><span style=\"font-size: 10.0pt;\"><a href=\"http:\/\/www.schule-und-tierschutz.de\">Regina<br \/>\nKowalzick<\/a><\/span><\/cite><span style=\"font-size: 10.0pt;\">&nbsp;schrieb am<br \/>\n<a title=\"\" href=\"http:\/\/albert-schweitzer-stiftung.de\/aktuell\/professoren-gegen-organisierte-verantwortungslosigkeit-massentierhaltung#comment-4323\">23. Mai 2010 um 17:41<\/a>:<\/span><\/li>\n<\/ol>\n<p style=\"margin-left: 36.0pt;\">Dieser Artikel m\u00fcsste Pflichtlekt\u00fcre f\u00fcr jeden<br \/>\nLehrer und jeden Sch\u00fcler werden. W\u00fcrde das passieren, h\u00e4tten wir eine gro\u00dfe<br \/>\nChance auf Ver\u00e4nderung\u2026<\/p>\n<p>Ich werde dieses Positionspapier nat\u00fcrlich mit meinen Sch\u00fclern im Unterricht<br \/>\nbesprechen und auch meinen Kollegen ins Fach legen\u2026..<\/p>\n<ol type=\"1\" start=\"13\">\n<li class=\"MsoNormal\" style=\"mso-margin-top-alt: auto; mso-margin-bottom-alt: auto; mso-list: l2 level1 lfo3; tab-stops: list 36.0pt;\"><cite><span style=\"font-size: 10.0pt;\">Michi (Henriette) Bula<\/span><\/cite><span style=\"font-size: 10.0pt;\">&nbsp;schrieb am <a title=\"\" href=\"http:\/\/albert-schweitzer-stiftung.de\/aktuell\/professoren-gegen-organisierte-verantwortungslosigkeit-massentierhaltung#comment-4324\">23. Mai 2010 um 17:48<\/a>:<\/span><\/li>\n<\/ol>\n<p style=\"margin-left: 36.0pt;\">Der Artikel ist sehr gut und \u00fcberzeugend. Wie<br \/>\nschon oft von mir und anderen erw\u00e4hnt, verstehe ich nicht, dass die Menschen<br \/>\nnicht endlich auf vegetarische oder vegane (noch besser) Kost umsteigen k\u00f6nnen.<br \/>\nAll dieses Tierleid w\u00e4re dann nicht mehr n\u00f6tig.<\/p>\n<ol type=\"1\" start=\"14\">\n<li class=\"MsoNormal\" style=\"mso-margin-top-alt: auto; mso-margin-bottom-alt: auto; mso-list: l2 level1 lfo3; tab-stops: list 36.0pt;\"><cite><span style=\"font-size: 10.0pt;\">Gerhard Fischer<\/span><\/cite><span style=\"font-size: 10.0pt;\">&nbsp;schrieb am <a title=\"\" href=\"http:\/\/albert-schweitzer-stiftung.de\/aktuell\/professoren-gegen-organisierte-verantwortungslosigkeit-massentierhaltung#comment-4327\">23. Mai 2010 um 18:20<\/a>:<\/span><\/li>\n<\/ol>\n<p style=\"margin-left: 36.0pt;\">Die Frage ist, wer hat dieses Positionspapier zu<br \/>\nGesicht bekommen, wer von denen, die Verantwortung tragen. Und es w\u00fcrde mich<br \/>\nauch interessieren, wieviel von Niederlands Professoren das sind ( anteil)<\/p>\n<p>Nat\u00fcrlich muss man f\u00fcr jeden Strohhalm dankbar sein. wenn die &#8222;Wissenschaft&#8220;<br \/>\ndies so pr\u00e4gnant zusammenstellt, dann m\u00fcssten doch auch die Politiker langsam<br \/>\nzu Potte kommen.<\/p>\n<p style=\"margin-left: 36.0pt;\">Wir brauchen hier eine europ\u00e4ische Initiative,<br \/>\ndas beste w\u00e4re \u00fcber die 10 Punkte eine europ\u00e4ische Petition an das EU-Parlament<br \/>\nzu richten.<\/p>\n<ol type=\"1\" start=\"15\">\n<li class=\"MsoNormal\" style=\"mso-margin-top-alt: auto; mso-margin-bottom-alt: auto; mso-list: l2 level1 lfo3; tab-stops: list 36.0pt;\"><cite><span style=\"font-size: 10.0pt;\">Geraldine G\u00f6llner<\/span><\/cite><span style=\"font-size: 10.0pt;\">&nbsp;schrieb am <a title=\"\" href=\"http:\/\/albert-schweitzer-stiftung.de\/aktuell\/professoren-gegen-organisierte-verantwortungslosigkeit-massentierhaltung#comment-4328\">23. Mai 2010 um 18:21<\/a>:<\/span><\/li>\n<\/ol>\n<p style=\"margin-left: 36.0pt;\">Diese Aktion sollte unbedingt unterst\u00fctzt werden!<\/p>\n<ol type=\"1\" start=\"16\">\n<li class=\"MsoNormal\" style=\"mso-margin-top-alt: auto; mso-margin-bottom-alt: auto; mso-list: l2 level1 lfo3; tab-stops: list 36.0pt;\"><cite><span style=\"font-size: 10.0pt;\">karinklimm<\/span><\/cite><span style=\"font-size: 10.0pt;\">&nbsp;schrieb am <a title=\"\" href=\"http:\/\/albert-schweitzer-stiftung.de\/aktuell\/professoren-gegen-organisierte-verantwortungslosigkeit-massentierhaltung#comment-4330\">23. Mai 2010 um 18:49<\/a>:<\/span><\/li>\n<\/ol>\n<p style=\"margin-left: 36.0pt;\">Ich unterst\u00fctze die 10 Forderungen unbedingt,<br \/>\nausserdem m\u00fc\u00dfte man die Fleischpreise so erh\u00f6hen, dass die Menschen gezwungen<br \/>\nsind weniger Fleisch zu kaufen.<\/p>\n<ol type=\"1\" start=\"17\">\n<li class=\"MsoNormal\" style=\"mso-margin-top-alt: auto; mso-margin-bottom-alt: auto; mso-list: l2 level1 lfo3; tab-stops: list 36.0pt;\"><cite><span style=\"font-size: 10.0pt;\">Wilfrid M. Jores<\/span><\/cite><span style=\"font-size: 10.0pt;\">&nbsp;schrieb am <a title=\"\" href=\"http:\/\/albert-schweitzer-stiftung.de\/aktuell\/professoren-gegen-organisierte-verantwortungslosigkeit-massentierhaltung#comment-4331\">23. Mai 2010 um 19:05<\/a>:<\/span><\/li>\n<\/ol>\n<p style=\"margin-left: 36.0pt;\">Das Problem kann nur durch Zusammenschl\u00fcsse \u00fcber<br \/>\nnationale Grenzen hinweg gel\u00f6st werden. Bitte treten Sie mit den<\/p>\n<p>Fachkollegen in Deutschland (und anderen L\u00e4ndern, besonders D\u00e4nemark!) in<br \/>\nVerbindung!<\/p>\n<p>Sie werden breite Unterst\u00fctzung erfahren!<\/p>\n<ol type=\"1\" start=\"18\">\n<li class=\"MsoNormal\" style=\"mso-margin-top-alt: auto; mso-margin-bottom-alt: auto; mso-list: l2 level1 lfo3; tab-stops: list 36.0pt;\"><cite><span style=\"font-size: 10.0pt;\">Heidi<\/span><\/cite><span style=\"font-size: 10.0pt;\">&nbsp;schrieb<br \/>\nam <a title=\"\" href=\"http:\/\/albert-schweitzer-stiftung.de\/aktuell\/professoren-gegen-organisierte-verantwortungslosigkeit-massentierhaltung#comment-4332\">23. Mai 2010 um 19:34<\/a>:<\/span><\/li>\n<\/ol>\n<p style=\"margin-left: 36.0pt;\">@ Sandra, die Idee finde ich gut. Die breite<br \/>\n\u00d6ffentlichkeit mu\u00df angesprochen werden.<\/p>\n<p>Die Tierrechtsgruppen wissen das sowieso.<\/p>\n<p>Was ich auch so sehr hasse: In den vielen Ratgebern f\u00fcr gesundes Essen, wird<br \/>\nimmer wieder empfohlen, mageres H\u00fchnchen-oder Putenfleisch zu essen.<\/p>\n<p>Hier w\u00e4re auch Aufkl\u00e4rung n\u00f6tig. Das kostet Geld und deshalb finde ich so eine<br \/>\nSammelaktion sehr gut.<\/p>\n<ol type=\"1\" start=\"19\">\n<li class=\"MsoNormal\" style=\"mso-margin-top-alt: auto; mso-margin-bottom-alt: auto; mso-list: l2 level1 lfo3; tab-stops: list 36.0pt;\"><cite><span style=\"font-size: 10.0pt;\">Dr. Sigrid Neef<\/span><\/cite><span style=\"font-size: 10.0pt;\">&nbsp;schrieb am <a title=\"\" href=\"http:\/\/albert-schweitzer-stiftung.de\/aktuell\/professoren-gegen-organisierte-verantwortungslosigkeit-massentierhaltung#comment-4336\">23. Mai 2010 um 20:30<\/a>:<\/span><\/li>\n<\/ol>\n<p style=\"margin-left: 36.0pt;\">Endlich Professoren, die ihre Titel zu Recht<br \/>\ntragen und \u00fcber die wirklich wichtigen Dinge nachdenken und sich dazu kompetent<br \/>\n\u00e4u\u00dfern. F\u00fcr mich ein weiteres Zeichen daf\u00fcr, dass Ver\u00e4nderungen im Gange sind.<br \/>\nDas macht Mut und gibt Kraft zum weiteren Kampf. Dank an die Professoren und<br \/>\nDank an Euch, dass Ihr das verbreitet.<\/p>\n<p>,<\/p>\n<ol type=\"1\" start=\"20\">\n<li class=\"MsoNormal\" style=\"mso-margin-top-alt: auto; mso-margin-bottom-alt: auto; mso-list: l2 level1 lfo3; tab-stops: list 36.0pt;\"><cite><span style=\"font-size: 10.0pt;\">Karin<\/span><\/cite><span style=\"font-size: 10.0pt;\">&nbsp;schrieb<br \/>\nam <a title=\"\" href=\"http:\/\/albert-schweitzer-stiftung.de\/aktuell\/professoren-gegen-organisierte-verantwortungslosigkeit-massentierhaltung#comment-4338\">23. Mai 2010 um 21:06<\/a>:<\/span><\/li>\n<\/ol>\n<p style=\"margin-left: 36.0pt;\">Den Professoren sei Dank f\u00fcr ihre Initiative! Ein<br \/>\nwichtiger Schritt in die richtige Richtung. Wissenschaftler ohne Politiker im<br \/>\nHintergrund k\u00f6nnen leider allein nichts ausrichten. Die Politiker d\u00fcrfern nicht<br \/>\nnur bei Gr\u00fcnen u.\u00e4. gesucht werden, sondern auch bei den konservativen<br \/>\nParteien. Doch da heute ma\u00dfgeblich die Medien bestimmen, welchem Thema sich die<br \/>\nPolitik vorrangig zu widmen hat, m\u00fcssen vor allem diese mit ins Boot genommen<br \/>\nwerden. All dem stehen Lobbyisten und monet\u00e4re Interessen entgegen. Das Thema<br \/>\nist extrem schwierig umzusetzen. Die letzten Jahre zeigen, wie schwer es ist,<br \/>\nselbst Gesetze durchzusetzen.<\/p>\n<ol type=\"1\" start=\"21\">\n<li class=\"MsoNormal\" style=\"mso-margin-top-alt: auto; mso-margin-bottom-alt: auto; mso-list: l2 level1 lfo3; tab-stops: list 36.0pt;\"><cite><span style=\"font-size: 10.0pt;\">Margarethe<\/span><\/cite><span style=\"font-size: 10.0pt;\">&nbsp;schrieb am <a title=\"\" href=\"http:\/\/albert-schweitzer-stiftung.de\/aktuell\/professoren-gegen-organisierte-verantwortungslosigkeit-massentierhaltung#comment-4348\">23. Mai 2010 um 23:11<\/a>:<\/span><\/li>\n<\/ol>\n<p style=\"margin-left: 36.0pt;\">Die Aktion der Professoren ist h\u00f6chst<br \/>\nnachahmenswert. Ich hoffe, das passiert auch bald. Neben dem tiersch\u00fctzerischen<br \/>\nAspekt ist es ja auch nicht das Schlechteste, zwar weniger Fleisch aber daf\u00fcr<br \/>\nin h\u00f6herer Qualit\u00e4t zu haben.<\/p>\n<ol type=\"1\" start=\"22\">\n<li class=\"MsoNormal\" style=\"mso-margin-top-alt: auto; mso-margin-bottom-alt: auto; mso-list: l2 level1 lfo3; tab-stops: list 36.0pt;\"><cite><span style=\"font-size: 10.0pt;\"><a href=\"http:\/\/www.karl-may-friends.net\">marlies<br \/>\nbugmann<\/a><\/span><\/cite><span style=\"font-size: 10.0pt;\">&nbsp;schrieb am <a title=\"\" href=\"http:\/\/albert-schweitzer-stiftung.de\/aktuell\/professoren-gegen-organisierte-verantwortungslosigkeit-massentierhaltung#comment-4349\">24. Mai 2010 um 02:20<\/a>:<\/span><\/li>\n<\/ol>\n<p style=\"margin-left: 36.0pt;\"><span style=\"mso-ansi-language: EN-GB;\" lang=\"EN-GB\">VERY<br \/>\nGOOD! I have been fighting exactly this, in my own small way. <\/span>KEINE<br \/>\nMassentierhaltung! Dann kommt das Problem von GMO Gemuese und Obst \u2026 was kommt<br \/>\nda auf uns zu?<\/p>\n<p>Gruesse von Australien.<\/p>\n<ol type=\"1\" start=\"23\">\n<li class=\"MsoNormal\" style=\"mso-margin-top-alt: auto; mso-margin-bottom-alt: auto; mso-list: l2 level1 lfo3; tab-stops: list 36.0pt;\"><cite><span style=\"font-size: 10.0pt;\">Heiner Kurz<\/span><\/cite><span style=\"font-size: 10.0pt;\">&nbsp;schrieb am <a title=\"\" href=\"http:\/\/albert-schweitzer-stiftung.de\/aktuell\/professoren-gegen-organisierte-verantwortungslosigkeit-massentierhaltung#comment-4351\">24. Mai 2010 um 06:08<\/a>:<\/span><\/li>\n<\/ol>\n<p style=\"margin-left: 36.0pt;\">Right on!<\/p>\n<ol type=\"1\" start=\"24\">\n<li class=\"MsoNormal\" style=\"mso-margin-top-alt: auto; mso-margin-bottom-alt: auto; mso-list: l2 level1 lfo3; tab-stops: list 36.0pt;\"><cite><span style=\"font-size: 10.0pt;\">Eva Maria Hager<\/span><\/cite><span style=\"font-size: 10.0pt;\">&nbsp;schrieb am <a title=\"\" href=\"http:\/\/albert-schweitzer-stiftung.de\/aktuell\/professoren-gegen-organisierte-verantwortungslosigkeit-massentierhaltung#comment-4355\">24. Mai 2010 um 09:56<\/a>:<\/span><\/li>\n<\/ol>\n<p style=\"margin-left: 36.0pt;\">Ich finde es sehr gut, dass sich einige<br \/>\nWissenschafter zusammengetan haben, um das Problem zu er\u00f6rtern u. neue<br \/>\nVorgehensweisen zu fordern; allerdings wird es schwer werden, diese Forderungen<br \/>\numzusetzen, weil die Massentierhaltung leider den Betreibern viel Geld bringt<br \/>\nu. diesen das Leid der Tiere egal ist, solange der Rubel rollt;<\/p>\n<p>Tierschutz sollte in der Kirche gepredigt u. in der Schule gelehrt werden;<br \/>\noffenbar wurden ja aus dem Johannesevangelium wichtige Aussagen Jesu \u00fcber<br \/>\nTierschutz entfernt (siehe Websitehttp:\/\/www.puramaryam.de\/naturjesus.html);<\/p>\n<p>solange es normal ist, dass in Zoogesch\u00e4ften winzige K\u00e4fige f\u00fcr Kaninchen<br \/>\nverkauft werden \u2013 solange viele Menschen mehrmals pro Woche H\u00fchnchen oder Pute<br \/>\nam Speiseplan haben (vor 30 Jahren war H\u00fchnchen ein seltenes Festessen) u.<br \/>\nniemals die traurigen Augen der Schweine u. K\u00e4lber wahrnehmen, die in ihren<br \/>\nMastst\u00e4nden h\u00f6chstens aufstehen u. sich niederlegen k\u00f6nnen, solange es sogar in<br \/>\nder EU ganz legal ist, dass streunende Hunde und Katzen in T\u00f6tungslagern<br \/>\nerschlagen werden oder sie dort verhungern u. verdursten m\u00fcssen, solange wird<br \/>\nauch der Aufruf von namhaften Wissenschaftern nicht viel \u00e4ndern k\u00f6nnen\u2026\u2026<\/p>\n<p>aber vielleicht ist es ein Anfang f\u00fcr ein neues Bewusstsein\u2026\u2026\u2026vielleicht\u2026\u2026.hoffentlich\u2026.<\/p>\n<ol type=\"1\" start=\"25\">\n<li class=\"MsoNormal\" style=\"mso-margin-top-alt: auto; mso-margin-bottom-alt: auto; mso-list: l2 level1 lfo3; tab-stops: list 36.0pt;\"><cite><span style=\"font-size: 10.0pt;\">Ursula Menzel<\/span><\/cite><span style=\"font-size: 10.0pt;\">&nbsp;schrieb am <a title=\"\" href=\"http:\/\/albert-schweitzer-stiftung.de\/aktuell\/professoren-gegen-organisierte-verantwortungslosigkeit-massentierhaltung#comment-4356\">24. Mai 2010 um 10:06<\/a>:<\/span><\/li>\n<\/ol>\n<p style=\"margin-left: 36.0pt;\">Ein dringender Appell an die Regierenden und<br \/>\nVerantwortlichen:<\/p>\n<p>Die Forderung der Wissenschaftler MUSS unverz\u00fcglich umgesetzt werden.<\/p>\n<p>Das beinhaltet aber auch, dass der Verbraucher endlich lernt, bewusst mit dem<br \/>\nKonsum von Lebensmitteln umzugehen.<\/p>\n<p>Je fr\u00fcher dies passiert \u2013 desto besser<\/p>\n<p style=\"margin-left: 36.0pt;\">mfg<\/p>\n<p>Ursula Menzel<\/p>\n<ol type=\"1\" start=\"26\">\n<li class=\"MsoNormal\" style=\"mso-margin-top-alt: auto; mso-margin-bottom-alt: auto; mso-list: l2 level1 lfo3; tab-stops: list 36.0pt;\"><cite><span style=\"font-size: 10.0pt;\">Hans G. Schlegel<\/span><\/cite><span style=\"font-size: 10.0pt;\">&nbsp;schrieb am <a title=\"\" href=\"http:\/\/albert-schweitzer-stiftung.de\/aktuell\/professoren-gegen-organisierte-verantwortungslosigkeit-massentierhaltung#comment-4359\">24. Mai 2010 um 11:11<\/a>:<\/span><\/li>\n<\/ol>\n<p style=\"margin-left: 36.0pt;\">Es sind leider viele niederl\u00e4ndische Investoren<br \/>\ndie hier bei uns in Niedersachsen in das Maststall- Gesch\u00e4ft &#8218;einsteigen&#8216;. Ein<br \/>\nGrund: in den Niederlanden gibt es staatliche Pr\u00e4mien f\u00fcr die Aufgabe<br \/>\nbestehender Mastbetriebe und deren Neuansiedlung im (benachbarten) Ausland. Nun<br \/>\nist auch im Emsland die Toleranzgrenze erreicht und es wird im \u00f6stlichen<br \/>\nNiedersachsen und z.T. in den neuen Bundesl\u00e4ndern investiert. Passend dazu soll<br \/>\nnun in Wietze\/Krs. Celle die gr\u00f6sste Gel\u00fcgelschlachterei Europas entstehen!<\/p>\n<p>Das ist politisch so gewollt. Vorrangiger Adressat des Positionspapiers sollte<br \/>\ndeshalb die nieders\u00e4chsische Landesregierung sein.<\/p>\n<p style=\"margin-left: 36.0pt;\">Wietze, Hans G. Schlegel<\/p>\n<ol type=\"1\" start=\"27\">\n<li class=\"MsoNormal\" style=\"mso-margin-top-alt: auto; mso-margin-bottom-alt: auto; mso-list: l2 level1 lfo3; tab-stops: list 36.0pt;\"><cite><span style=\"font-size: 10.0pt;\">Ursel J\u00fcdt-Duve<\/span><\/cite><span style=\"font-size: 10.0pt;\">&nbsp;schrieb am <a title=\"\" href=\"http:\/\/albert-schweitzer-stiftung.de\/aktuell\/professoren-gegen-organisierte-verantwortungslosigkeit-massentierhaltung#comment-4361\">24. Mai 2010 um 11:37<\/a>:<\/span><\/li>\n<\/ol>\n<p style=\"margin-left: 36.0pt;\">Es ist alles so lange bekannt und es ist und<br \/>\nbleibt unfassbar, was die Menschheit sich erlaubt mit Tieren zu machen. Es<br \/>\nbetrifft ja nicht nur die sog. Nutztiere.<\/p>\n<p>Ich war viele Jahre aktiv,ehrenamtlich im Umweltschutz t\u00e4tig.<\/p>\n<p>Deshalb habe ich wenig Hoffnung, dass sich bald \u2013 wenn \u00fcberhaupt \u2013 etwas<br \/>\n\u00e4ndert.<\/p>\n<p>Die Lobbyisten haben einfach zu viel Macht bekommen, gleich worum es geht.<\/p>\n<p>Da m\u00fcsste schnellstens und wirkungsvoll angesetzt werden,<\/p>\n<p>Treia, U.J\u00fcdt-Duve<\/p>\n<ol type=\"1\" start=\"28\">\n<li class=\"MsoNormal\" style=\"mso-margin-top-alt: auto; mso-margin-bottom-alt: auto; mso-list: l2 level1 lfo3; tab-stops: list 36.0pt;\"><cite><span style=\"font-size: 10.0pt;\">Elsbeth Sellis<\/span><\/cite><span style=\"font-size: 10.0pt;\">&nbsp;schrieb am <a title=\"\" href=\"http:\/\/albert-schweitzer-stiftung.de\/aktuell\/professoren-gegen-organisierte-verantwortungslosigkeit-massentierhaltung#comment-4362\">24. Mai 2010 um 11:48<\/a>:<\/span><\/li>\n<\/ol>\n<p style=\"margin-left: 36.0pt;\">Ich bin jetzt 79 Jahre alt und habe resigniert !<\/p>\n<p>Was ich dazu tun konnte, habe ich versucht:<\/p>\n<p>Ich bin seit 28 Jahren Vegetarier und unterst\u00fctze<\/p>\n<p>alle Arten von Tierschutz nach Kr\u00e4ften !<\/p>\n<p>Alle Worte im Aufruf, welche &#8222;M\u00dc\u00dfTE&#8220; und &#8222;SOLLTE&#8220; hei\u00dfen, sind witzlos. Es kann<br \/>\nnur<\/p>\n<p>ein &#8222;MU\u00df&#8220; geben.<\/p>\n<p>Auf die Politiker zu warten hei\u00dft, bis in alle<\/p>\n<p>Ewigkeit zu warten.<\/p>\n<p>Einziger Trost f\u00fcr mich ist: \u2013 auch die Saurier<\/p>\n<p>sind ausgestorben! Warum sollte es dem S\u00e4u-<\/p>\n<p>getier HomoSapiens, das sich KRONE DER<\/p>\n<p>SCH\u00d6PFUNG schimpft, anderst ergehen? &#8211;<\/p>\n<p>Bestes Beispiel f\u00fcr irreversible Umweltzerst\u00f6-<\/p>\n<p>rung sind die Osterinseln \u2013 aber kaum jemand<\/p>\n<p>interessiert sich daf\u00fcr.<\/p>\n<p>Subventionen zur Behebung der Folgekrankhei-<\/p>\n<p>ten wegen angefressener Fettleibigkeit,<\/p>\n<p>Rauchersch\u00e4den jeglicher Art und anderer selbstzerst\u00f6rerischer<br \/>\nLebensgewohnheiten<\/p>\n<p>sind per Gesetz zu unterlassen.<\/p>\n<p>Ansonsten: Weiter so \u2013 immer auf Kosten derer,<\/p>\n<p>die uns AUSGELIEFERT sind \u2013 je eher wir die<\/p>\n<p>Quittung bekommen, desto besser f\u00fcr die Um-<\/p>\n<p>welt und unsere armen Mitgesch\u00f6pfe.<\/p>\n<p>Das mu\u00dfte mal raus !!! mfg.Elsbeth Sellis<\/p>\n<ol type=\"1\" start=\"29\">\n<li class=\"MsoNormal\" style=\"mso-margin-top-alt: auto; mso-margin-bottom-alt: auto; mso-list: l2 level1 lfo3; tab-stops: list 36.0pt;\"><cite><span style=\"font-size: 10.0pt;\">Marco<\/span><\/cite><span style=\"font-size: 10.0pt;\">&nbsp;schrieb<br \/>\nam <a title=\"\" href=\"http:\/\/albert-schweitzer-stiftung.de\/aktuell\/professoren-gegen-organisierte-verantwortungslosigkeit-massentierhaltung#comment-4369\">24. Mai 2010 um 14:32<\/a>:<\/span><\/li>\n<\/ol>\n<p style=\"margin-left: 36.0pt;\">Solange Tiere noch ausgebeutet werden, hat das<br \/>\nWort Ethik und Moral f\u00fcr mich keinerlei Wert.<\/p>\n<ol type=\"1\" start=\"30\">\n<li class=\"MsoNormal\" style=\"mso-margin-top-alt: auto; mso-margin-bottom-alt: auto; mso-list: l2 level1 lfo3; tab-stops: list 36.0pt;\"><cite><span style=\"font-size: 10.0pt;\">Meike<\/span><\/cite><span style=\"font-size: 10.0pt;\">&nbsp;schrieb<br \/>\nam <a title=\"\" href=\"http:\/\/albert-schweitzer-stiftung.de\/aktuell\/professoren-gegen-organisierte-verantwortungslosigkeit-massentierhaltung#comment-4376\">24. Mai 2010 um 19:30<\/a>:<\/span><\/li>\n<\/ol>\n<p style=\"margin-left: 36.0pt;\">Solange die Menschen sagen &#8222;Ich will&#8220;, wird sich<br \/>\nnichts \u00e4ndern lassen. W\u00fcrden die Menschen sich auf das besinnen, was man<br \/>\nma\u00dfhalten nennt, dann w\u00e4ren diese schlimmen Zust\u00e4nde der Massentierhaltung und<br \/>\nder Hunger in der Welt nicht so dramatisch. Es wird bestimmt von niemandem<br \/>\nverlangt, v\u00f6llig auf Fleisch zu verzichten. Aber es sollte in ma\u00dfen genossen<br \/>\nwerden. Wie ich bereits zu einem anderen Thema geschrieben hatte, reicht ein-<br \/>\noder zweimal Fleischverzehr in der Woche v\u00f6llig aus. Je mehr der Mensch nach<br \/>\nFleisch ruft, desto gr\u00f6\u00dfer die Massentierhaltung. Es ist aber nicht nur beim<br \/>\nFleisch, sonder auch bei Obst und Gem\u00fcse so. Wieso konnten die Nachkriegskinder<br \/>\nalle gro\u00df werden und auch bis heute gesund bleiben, obwohl es nicht das gesamte<br \/>\nJahr \u00fcber Erdbeeren, Pflaumen, Zwetschgen oder Blumenkohl und Kohlrabi gab?<br \/>\nGanz einfach: Fr\u00fcher haben es unsere M\u00fctter noch eingekocht. Ist in der<br \/>\nheutigen Generation bei sehr vielen leider ein Fremdwort geworden. Meine Eltern<br \/>\nsind fr\u00fcher zu einem Bauernhof gefahren, haben sich dort ein halbes Schwein und<br \/>\nein viertel Rind gekauft. Das Fleisch ist in Gl\u00e4sern zum Teil eingekocht<br \/>\nworden, die Wurst wurde selbst gemacht und der Braten wurde eingefroren. Es<br \/>\nwaren Tiere, die garantiert aus keiner Massentierhaltung stammten und meine<br \/>\nEltern wu\u00dften auch, wie die Tiere gehalten und gef\u00fcttert wurden. Klar, es kann<br \/>\nheute nicht jeder auf dem Lande wohnen, aber es gibt gen\u00fcgend kleinere<br \/>\nMetzgereien, bei denen man Fleisch kaufen kann, was von den Bauern aus der<br \/>\nRegion geliefert wird. Bei uns, wo ich wohne, gibt es keine Massentierhaltung<br \/>\nbei den Schweinen. Hier wei\u00df jeder, wie die Tiere gehalten werden, was sie zu<br \/>\nfressen bekommen. Und hier kann auch jeder sicher sein, dass kein &#8222;halbtotes&#8220;<br \/>\nSchwein an den Fleischerhaken geh\u00e4ngt wird. Nur f\u00fcr die Masse der Menschen mu\u00df<br \/>\ndas Fleisch &#8222;g\u00fcnstig&#8220; sein, um nicht zu sagen billig. Deshalb wird ja auch in<br \/>\nMassen produziert.<\/p>\n<p>Nur wenn die Menschen \u2013 auch die Politiker \u2013 umdenken, haben unsere<br \/>\nMitgesch\u00f6pfe eine reelle Chance. Solange das nicht geschieht, wird es weiterhin<br \/>\nLeid, Not, Qual, Hunger und Elend geben.<\/p>\n<ol type=\"1\" start=\"31\">\n<li class=\"MsoNormal\" style=\"mso-margin-top-alt: auto; mso-margin-bottom-alt: auto; mso-list: l2 level1 lfo3; tab-stops: list 36.0pt;\"><cite><span style=\"font-size: 10.0pt;\">Beate Kalauch<\/span><\/cite><span style=\"font-size: 10.0pt;\">&nbsp;schrieb am <a title=\"\" href=\"http:\/\/albert-schweitzer-stiftung.de\/aktuell\/professoren-gegen-organisierte-verantwortungslosigkeit-massentierhaltung#comment-4377\">24. Mai 2010 um 20:51<\/a>:<\/span><\/li>\n<\/ol>\n<p style=\"margin-left: 36.0pt;\">Endlich, es ist l\u00e4ngst \u00fcberf\u00e4llig! 80% der<br \/>\nKrankheiten der Menschheit in den Industriestaaten sind ern\u00e4hrungsbedingt! Wir<br \/>\nzahlen alle den Preis, wenn Menschen nicht verantwortungsvoll und bewu\u00dft mit<br \/>\nLebensmitteln\/Nahrungsmitteln umgehen wollen. Die Kreatur b\u00fc\u00dft f\u00fcr Profitgier<br \/>\nund ma\u00dfloses und ungez\u00fcgeltes Essverhalten. Schon Dr. Bruker (1919 -2001) hat<br \/>\nden Zusammenhang ern\u00e4hrungsbedingter Krankheiten und Ma\u00dflosigkeit aufgezeigt.<br \/>\nLeider sind nur wenige Menschen bereit, ihre Gewohnheiten auf den Pr\u00fcfstand stellen<br \/>\nzu wollen\u2026was in der letzten Konsequenz dann doch Leiden bedeutet, selber<br \/>\nleiden! Die Qualen der Tiere werden auf breiter Ebene ignoriert und wenn ich<br \/>\nbedenke, dass ich schon als Kind Unterschriften gegen die tierqu\u00e4lerische<br \/>\nMassentierhaltung gesammelt habe und in eineinhalb Jahren f\u00fcnfzig Jahre alt<br \/>\nsein werde, dann wird mir deutlich, wie dumm die Menschheit eigentlich ist. Es<br \/>\nist kein wirklicher Trost f\u00fcr mich, wenn ein Mensch, der derart lebenverachtend<br \/>\nagiert, in letzter Konsequenz krank wird.<\/p>\n<p>Beate Kalauch, Hamburg<\/p>\n<ol type=\"1\" start=\"32\">\n<li class=\"MsoNormal\" style=\"mso-margin-top-alt: auto; mso-margin-bottom-alt: auto; mso-list: l2 level1 lfo3; tab-stops: list 36.0pt;\"><cite><span style=\"font-size: 10.0pt;\"><a href=\"http:\/\/www.earthlove4.de.tl\">Lisa<\/a><\/span><\/cite><span style=\"font-size: 10.0pt;\">&nbsp;schrieb am <a title=\"\" href=\"http:\/\/albert-schweitzer-stiftung.de\/aktuell\/professoren-gegen-organisierte-verantwortungslosigkeit-massentierhaltung#comment-4379\">25. Mai 2010 um 00:43<\/a>:<\/span><\/li>\n<\/ol>\n<p style=\"margin-left: 36.0pt;\">Finde ich eine super Auflistung!<\/p>\n<p style=\"margin-left: 36.0pt;\">Allerdings finde ich, dass diese 33% nicht erst<br \/>\n2020 sondern schon wesentlich fr\u00fcher sein sollten!<\/p>\n<ol type=\"1\" start=\"33\">\n<li class=\"MsoNormal\" style=\"mso-margin-top-alt: auto; mso-margin-bottom-alt: auto; mso-list: l2 level1 lfo3; tab-stops: list 36.0pt;\"><cite><span style=\"font-size: 10.0pt;\">Cornelia<\/span><\/cite><span style=\"font-size: 10.0pt;\">&nbsp;schrieb am <a title=\"\" href=\"http:\/\/albert-schweitzer-stiftung.de\/aktuell\/professoren-gegen-organisierte-verantwortungslosigkeit-massentierhaltung#comment-4385\">25. Mai 2010 um 15:38<\/a>:<\/span><\/li>\n<\/ol>\n<p style=\"margin-left: 36.0pt;\">Endlich! Ich habe das Gef\u00fchl, wir gehen in die<br \/>\nrichtige Richtung. Es wird noch lange dauern \u2013 aber was geht bei Menschen schon<br \/>\nschnell, wenn es keinen Profit abwirft!<\/p>\n<p style=\"margin-left: 36.0pt;\">Mit diesem ersten Schritt beweisen<br \/>\nWissenschaftler wirklich K\u00f6pfchen (und Herz!!!)<\/p>\n<p style=\"margin-left: 36.0pt;\">Cornelia<\/p>\n<ol type=\"1\" start=\"34\">\n<li class=\"MsoNormal\" style=\"mso-margin-top-alt: auto; mso-margin-bottom-alt: auto; mso-list: l2 level1 lfo3; tab-stops: list 36.0pt;\"><cite><span style=\"font-size: 10.0pt;\">Silvia Granold<\/span><\/cite><span style=\"font-size: 10.0pt;\">&nbsp;schrieb am <a title=\"\" href=\"http:\/\/albert-schweitzer-stiftung.de\/aktuell\/professoren-gegen-organisierte-verantwortungslosigkeit-massentierhaltung#comment-4392\">25. Mai 2010 um 21:31<\/a>:<\/span><\/li>\n<\/ol>\n<p style=\"margin-left: 36.0pt;\">Die Qualen der Tiere in der Massentierhaltung \u2013<br \/>\nvon der Verst\u00fcmmelung ihrer K\u00f6rper ohne Bet\u00e4ubung<\/p>\n<p>\u00fcber ihre Schmerzen durch Entz\u00fcndungen in F\u00fc\u00dfen und Gelenken durch nasse<br \/>\nSpaltenb\u00f6den sowie<\/p>\n<p>die zur absoluten Bewegungslosigkeit gezwungenen Muttersauen in Eisengest\u00e4ngen<br \/>\nbis zum langen Todestransport in die Schlachth\u00e4user \u2013 sind unerme\u00dflich.<\/p>\n<p style=\"margin-left: 36.0pt;\">Diese extremen Tierqu\u00e4lereien finden hinter<br \/>\ngeschlossenen T\u00fcren meist weit ab von Ortsr\u00e4ndern statt<\/p>\n<p>und werden \u2013 wenn \u00fcberhaupt \u2013 nur durch von Tierrechtlern erk\u00e4mpfte<br \/>\nInvestigation bekannt.<\/p>\n<p style=\"margin-left: 36.0pt;\">Die Anzahl aller gequ\u00e4lten Tiere in und durch<br \/>\nMassentierhaltungen liegt im Milliardenbereich.<\/p>\n<p style=\"margin-left: 36.0pt;\">Die Initiative der 250 Professoren mu\u00df dringend<br \/>\ndurch die Medien ver\u00f6ffentlicht werden.<\/p>\n<ol type=\"1\" start=\"35\">\n<li class=\"MsoNormal\" style=\"mso-margin-top-alt: auto; mso-margin-bottom-alt: auto; mso-list: l2 level1 lfo3; tab-stops: list 36.0pt;\"><cite><span style=\"font-size: 10.0pt;\">Ehrengard Becken-Landwehrs<\/span><\/cite><span style=\"font-size: 10.0pt;\">&nbsp;schrieb am <a title=\"\" href=\"http:\/\/albert-schweitzer-stiftung.de\/aktuell\/professoren-gegen-organisierte-verantwortungslosigkeit-massentierhaltung#comment-4396\">26. Mai 2010 um 11:16<\/a>:<\/span><\/li>\n<\/ol>\n<p style=\"margin-left: 36.0pt;\">Die Forderungen der Wissenschaftler sind klar und<br \/>\ngut aufgelistet. Die Punkte sind nicht nur den Niederl\u00e4ndern bekannt, sondern<br \/>\nauch sehr vielen in Deutschland und anderswo. Bei uns r\u00fchrt sich allerdings<br \/>\nnicht viel, denn es ist ja eine Tatsache, wenn hier Wissenschaftler den Mund<br \/>\naufmachen und es pa\u00dft der dementsprechenden Lobby nicht, dann sitzt er auf der<br \/>\nStra\u00dfe. Von unseren Politikern k\u00f6nnen wir nichts erwarten. F\u00fcr die ist,<br \/>\nbesonders den jetzigen, Tier- und Umweltschutz ein Fremdwort. Inwieweit sie<br \/>\nselbst involviert sind wei\u00df keiner, sie sind aber von den Lobbyisten abh\u00e4ngig,<br \/>\nSie und die meisten der Bev\u00f6lkerung haben noch nicht begriffen (oder wollen<br \/>\nnicht begreifen?), da\u00df durch diese Massenbetriebe bedingt, die Nahrung krank<br \/>\nmacht. Der Fleischverzehr steigt und die Fleischindustrie ist daran interessiert,<br \/>\ndiesen noch weiter zu steigern. Das zeigen ihre immer wieder kehrenden<br \/>\nKampagnen. Beim Normalverbraucher ist die Vernunft ausgeschaltet. Er l\u00e4\u00dft sich<br \/>\nlieber leiten und glaubt den vielen Versprechungen. Bequemlichkeit und Gier<br \/>\nliegt dem Menschen im Blut.<\/p>\n<p>Die holl\u00e4ndischen Professoren sind, wie die Veganer und Vegetarier, die Rufer<br \/>\nin der W\u00fcste. Eine Kampagne der Wissenschaftler w\u00e4re hervorragend f\u00fcr eine<br \/>\n\u00c4nderung geeignet ist, aber zum jetzigen Zeitpunkt leider noch illusorisch! Und<br \/>\nman sollte sich eins noch ganz deutlich vor Augen f\u00fchren: gerade holl\u00e4ndische<br \/>\nMassenbetriebe sind hier in Deutschland reichlich vertreten! Sind bei uns die<br \/>\nGesetze lascher als in Holland?<\/p>\n<p>Solange es Subventionen gibt, solange wird sich nichts \u00e4ndern. Im Gegenteil, es<br \/>\nwird noch schlimmer kommen. Wir sind noch nicht am Ende angelangt.<\/p>\n<ol type=\"1\" start=\"36\">\n<li class=\"MsoNormal\" style=\"mso-margin-top-alt: auto; mso-margin-bottom-alt: auto; mso-list: l2 level1 lfo3; tab-stops: list 36.0pt;\"><cite><span style=\"font-size: 10.0pt;\">Hochuli<\/span><\/cite><span style=\"font-size: 10.0pt;\">&nbsp;schrieb<br \/>\nam <a title=\"\" href=\"http:\/\/albert-schweitzer-stiftung.de\/aktuell\/professoren-gegen-organisierte-verantwortungslosigkeit-massentierhaltung#comment-4397\">26. Mai 2010 um 12:01<\/a>:<\/span><\/li>\n<\/ol>\n<p style=\"margin-left: 36.0pt;\">Ich unterst\u00fctze die o.a. Forderungen der<br \/>\nWissenschaftler in vollstem Ma\u00dfe,<\/p>\n<p>Dieses Thema anzugehen ist l\u00e4ngst \u00fcberf\u00e4llig.<\/p>\n<ol type=\"1\" start=\"37\">\n<li class=\"MsoNormal\" style=\"mso-margin-top-alt: auto; mso-margin-bottom-alt: auto; mso-list: l2 level1 lfo3; tab-stops: list 36.0pt;\"><cite><span style=\"font-size: 10.0pt;\"><a href=\"http:\/\/www.facebook.com\/?ref=home#%21\/group.php?gid=120516977984639\">Waldkirch,<br \/>\nMonika<\/a><\/span><\/cite><span style=\"font-size: 10.0pt;\">&nbsp;schrieb am <a title=\"\" href=\"http:\/\/albert-schweitzer-stiftung.de\/aktuell\/professoren-gegen-organisierte-verantwortungslosigkeit-massentierhaltung#comment-4415\">27. Mai 2010 um 15:38<\/a>:<\/span><\/li>\n<\/ol>\n<p style=\"margin-left: 36.0pt;\"><span style=\"mso-ansi-language: EN-GB;\" lang=\"EN-GB\">protect<br \/>\nall: less meat or1 day the weak no meat!<\/span><\/p>\n<p style=\"margin-left: 36.0pt;\">&#8222;Der Deutsche Bundestag, u. alle Regierungen der<br \/>\nWelt, m\u00f6ge beschlie\u00dfen dass weniger Fleisch gehandelt u. konsumiert wird und<br \/>\nsomit weniger Fleisch sowie mindestens einmal pro Woche ein Fleischverzicht<br \/>\numgesetzt wird. Ein fleischfreier Wochentag soll es bundesweit und in allen<br \/>\nL\u00e4ndern weltweit geben!<\/p>\n<p>Begr\u00fcndung: Die Nutztierhaltung ist ein Hauptverursacher von Treibhausgasen,<br \/>\ndies best\u00e4tigt die Weltern\u00e4hrungskommission FAO. Gem\u00e4\u00df der UNO-Organisation FAO<br \/>\nist die Viehhaltung allein f\u00fcr 18% der globalen Treibhausemissionen<br \/>\nverantwortlich! Jede Reduktion der Fleischproduktion sowie des Fleischkonsums<br \/>\nbringt enorme Vorteile f\u00fcr die Umwelt u. so auch f\u00fcr Menschen und Tiere! Die<br \/>\nTreibhausemissionen, die Verschwendung von Land u. Wasser, die Versteppung, die<br \/>\nWaldabholzung durch Massentierhaltung muss aufh\u00f6ren. Zu viel Fleisch erh\u00f6ht<br \/>\nu.a. den Cholesterinwert, daher ist wissenschaftlich Fleisch ein Risikofaktor<br \/>\ndurch zu hohes Cholesterin, f\u00fcr manche Krebserkrankungen, f\u00fcr Diabetes u.<br \/>\nkrankhaftes \u00dcbergewicht, das Menschen und letztlich der ganzen Gesellschaft<br \/>\nschadet. Durch die Einf\u00fchrung eines fleischfreien Tages pro Woche und dem<br \/>\nBewusstsein weniger Fleisch zu produzieren u. zu konsumieren, wird dies allen<br \/>\nGenerationen bewusster gemacht. Wir sch\u00fctzen so nachhaltig Tiere, unsere eigene<br \/>\nGesundheit u. die Umwelt! Die Massentierhaltung ist global eskaliert!<br \/>\nVielerorts arbeiten Menschen unter zu geringer Bezahlung in der<br \/>\nFleischindustrie und vielerorts leben die Tiere erb\u00e4rmlich und absolut<br \/>\nunw\u00fcrdig. Der Schutz allen Lebens ist geboten, daher auch diese Petition! Am<br \/>\nBeispiel der Erkrankung Rinderwahnsinn erkennt man den Wahnsinn der<br \/>\nFleischindustrie weltweit und des Menschen, welcher ohne dies alles zu bedenken<br \/>\nweiterhin t\u00e4glich Fleisch gedankenlos konsumiert: dagegen sagen wir STOP IT!<br \/>\nEin fleischfreier Tag die Woche k\u00f6nnte zum Beispiel 157 Millionen Tieren das<br \/>\nLeben retten und ihnen helfen nicht mehr in verachtender Massentierhaltung<br \/>\ngez\u00fcchtet zu werden, ein fleischfreier Tag w\u00fcrde das Bewusstsein des Menschen<br \/>\nsch\u00e4rfen, seine Gesundheit f\u00f6rdern . Weniger Nutztiere in der Massentierhaltung<br \/>\nm\u00fcssten geboren werden, w\u00fcrden die Menschen Fleischverzicht \u00fcben und<br \/>\nproklamieren oder wenigsten weniger Fleisch essen. <span style=\"mso-ansi-language: EN-GB;\" lang=\"EN-GB\">Eat less meat to protect the animals worldwide<br \/>\nand to protect yourself at least too. <\/span>Wie ein autofreier Sonntag soll es<br \/>\neinen z.B. fleischfreien Freitag die Woche geben! Nach \u00a72 des<br \/>\nTierschutzgesetzes steht geschrieben: dass ein Tier nach seiner Art und seinen<br \/>\nBed\u00fcrfnissen entsprechend angemessen ern\u00e4hrt, gepflegt und verhaltensgerecht<br \/>\nuntergebracht wird! Dies fordern wir auch mit dieser Petition! Allein in<br \/>\nDeutschland hei\u00dft es, dass jeder Deutsche in seinem Leben im Durschnitt \u00fcber<br \/>\ntausend Tiere verspeist, das ist viel zu viel: STOP &amp; think about it! Noch<br \/>\nein Beispiel: 70 % des vom Rind freigesetzten Methans stammt vom<br \/>\nErhaltungsumsatz des Rindes. somit best\u00e4tigt ein UN-Bericht auch, dass der<br \/>\nglobale Rinderbestand das gesamte Weltklima ebenso stark belastet, wie alle<br \/>\nMenschen Deutschlands, Indiens u. Japans zusammen. Bei Massentierhaltung und<br \/>\nHochleistungszucht von Tieren ist zudem die h\u00f6here Produktionsleistung nur mit<br \/>\nviel industriellem Kraftfutter zu bew\u00e4ltigen und dessen Produktion kurbelt<br \/>\nerneut wieder die klimasch\u00e4dlichen Gase an \u2013 ein Teufelskreislauf, dem Einhalt<br \/>\ndurch Regierungen zu gebieten ist.<\/p>\n<p>Weniger Fleisch ist ein Beitrag zum Klimaschutz! Weniger Fleisch ist ein<br \/>\nBeitrag zum Schutz der Tiere! Weniger Fleisch ist ein Beitrag zum Schutz der<br \/>\nGesundheit des Menschen! Weniger Fleisch ist ein Beitrag zum Schutz der<br \/>\nGesellschaft! Weniger Fleisch ist eine Verantwortung in einer globalisierten<br \/>\nWelt f\u00fcr alle Regierungen dieser Erde!<\/p>\n<p>wir sch\u00fctzen mit dieser Petition langfristig deshalb alle, die Natur, die Tiere<br \/>\nund nicht zuletzt nachhaltig uns, den Menschen.&#8220; \u00a9M.Wk. M.Waldkirch, germany,<br \/>\n2010-05-27<\/p>\n<p style=\"margin-left: 36.0pt;\"><a href=\"http:\/\/www.petitionspot.com\/petitions\/20100527\">http:\/\/www.petitionspot.com\/petitions\/20100527<\/a><\/p>\n<ol type=\"1\" start=\"38\">\n<li class=\"MsoNormal\" style=\"mso-margin-top-alt: auto; mso-margin-bottom-alt: auto; mso-list: l2 level1 lfo3; tab-stops: list 36.0pt;\"><cite><span style=\"font-size: 10.0pt;\">Christa Kaufmann<\/span><\/cite><span style=\"font-size: 10.0pt;\">&nbsp;schrieb am <a title=\"\" href=\"http:\/\/albert-schweitzer-stiftung.de\/aktuell\/professoren-gegen-organisierte-verantwortungslosigkeit-massentierhaltung#comment-4416\">27. Mai 2010 um 18:52<\/a>:<\/span><\/li>\n<\/ol>\n<p style=\"margin-left: 36.0pt;\">Endlich einmal geht jemand mit dieser Forderung<br \/>\nin die \u00d6ffentlichkeit, und spricht sich f\u00fcr die Abschaffung der Tierfabriken<br \/>\naus. Denn nicht anders kann man diese Zuchtanstalten bezeichnen. Geboren<br \/>\nwerden, wachsen und sterben am Flie\u00dfband. Dazwischen noch ein grausamer und oft<br \/>\nunn\u00f6tig langer Transport zum n\u00e4chsten Schlachthof, und wenn nicht Sch\u00e4chtung,<br \/>\ndann oft nicht fachgerecht bet\u00e4ubt, und ein schmerzvolles Ende. Und dieses<br \/>\nProdukt schmeckt den Menschen, und sie essen m\u00f6glichst viel davon, da es in den<br \/>\nTierfabriken billig hergestellt wird. Es ist h\u00f6chste Zeit, sich wieder auf die<br \/>\nWertigkeit und Achtung vor dem Leben unserer Mitgesch\u00f6pfe zu besinnen! Eine<br \/>\n\u00c4nderung ist h\u00f6chst angebracht, und ich hoffe sehr, dass sie bald durchgesetzt<br \/>\nwerden kann!<\/p>\n<ol type=\"1\" start=\"39\">\n<li class=\"MsoNormal\" style=\"mso-margin-top-alt: auto; mso-margin-bottom-alt: auto; mso-list: l2 level1 lfo3; tab-stops: list 36.0pt;\"><cite><span style=\"font-size: 10.0pt;\">Beate<br \/>\nSchweicher<\/span><\/cite><span style=\"font-size: 10.0pt;\">&nbsp;schrieb<br \/>\nam <a title=\"\" href=\"http:\/\/albert-schweitzer-stiftung.de\/aktuell\/professoren-gegen-organisierte-verantwortungslosigkeit-massentierhaltung#comment-4429\">28. Mai 2010 um 16:45<\/a>:<\/span><\/li>\n<\/ol>\n<p style=\"margin-left: 36.0pt;\">Petitionen machen da wenig Sinn.<\/p>\n<p>Ich habe am 1.3.2010 eine Petition eingereicht, die genau dieses zum Thema<br \/>\nhatte.<\/p>\n<p>In K\u00fcrze: Tierschutzgesetz mu\u00df als solches auch umgesetzt werden.<\/p>\n<p>ZB: Tierschutzgesetz und Anbindehaltung von Rindern schlie\u00dfen sich gegenseitig<br \/>\naus.<\/p>\n<p style=\"margin-left: 36.0pt;\">Die Petition (obwohl so vorbereitet, da\u00df<br \/>\nInternetseite, Anschreiben an viele Organisationen etc stand) wurde nicht<br \/>\nver\u00f6ffnentlicht. Wie die meisten Petitionen.<\/p>\n<p>Dazu hat man kein Recht und kann nach Gusto entschieden werden.<\/p>\n<p>Ich habe den Eindruck, da\u00df diese sehr stiefm\u00fctterlich behandelt werden.<\/p>\n<p style=\"margin-left: 36.0pt;\">Antwort: 11.5.2010 Zitat der Paragraphen und<br \/>\ndann, ich zitiere:<\/p>\n<p style=\"margin-left: 36.0pt;\">&#8222;Durch diese Vorschriften wird dem Staatsziel<br \/>\nTierschutz nach Artikel 20a des Grundgesetzes Rechnung getragen und der<br \/>\nTierschutz mit den ebenfalls grundrechtlich gesch\u00fctzten wirtschaftlichen<br \/>\nInteressen der Landwirte in ein ausgewogenes Verh\u00e4ltnis gebracht.&#8220;<\/p>\n<p style=\"margin-left: 36.0pt;\">Man ist nur auf einen kleinen Teil eingegangen,<\/p>\n<p>weil es wohl nicht interessiert.<\/p>\n<p>Wenn man auf die Internetseite von Frau Aigner geht, liest man auch viel von<br \/>\nden Interessen der Bauern.<\/p>\n<p>Was mich \u00e4rgert: Es gibt Nicht-Biobauern, die zb ihre Rinder auf die Weide<br \/>\nlassen.<\/p>\n<p>Die haben dadurch einen Wettbewerbsnachteil.<\/p>\n<p style=\"margin-left: 36.0pt;\">Weniger Fleisch zu essen ist ja immer eine<br \/>\nGlaubensfrage, aber wenn es zu jeder Tageszeit und an jedem Wochentag jede<br \/>\nSorte Fleisch geben mu\u00df, dann ist es kein Wunder, da\u00df es so viel Gammelfleisch<br \/>\ngibt.<\/p>\n<p>Wie pervers, Tiere so grausam zu halten und dann das Fleisch wegen<br \/>\n\u00dcberproduktion wegzuwerfen.<\/p>\n<p style=\"margin-left: 36.0pt;\">Einfach nur Fleisch aus guter Haltung zu kaufen<br \/>\nreicht nicht.<\/p>\n<p style=\"margin-left: 36.0pt;\">Ich bin etwas ratlos und \u00fcberlege den n\u00e4chsten<br \/>\nSchritt.<\/p>\n<p>Auf Unterst\u00fctzung zu hoffen, habe ich aufgegeben. Politik, Verbrauchersendungen<br \/>\netc regen sich erst, wenn sie etwas davon haben.<\/p>\n<p style=\"margin-left: 36.0pt;\">Meiner Meinung nach besteht ein Problem darin,<br \/>\nda\u00df das Bundesministerium f\u00fcr Ern\u00e4hrung, Landwirtschaft und Verbraucherschutz<br \/>\nkonkurrierende Ziele beinhalten.<\/p>\n<p>Das haben wir schon im Gammelfleischskandal zu sp\u00fcren bekommen \u2013 was das hei\u00dft.<\/p>\n<p>Das Recht der Fleischproduzenten ging vor dem Verbraucherschutz.<\/p>\n<p style=\"margin-left: 36.0pt;\">Ich f\u00fcrchte selbst ein Petition, die sich darum<br \/>\ndreht, dieses Bundesministerium anders zu verteilen w\u00fcrde wieder im Sande<br \/>\nverlaufen, weil man es 1. wahrscheinlich nicht ver\u00f6ffentlicht wird und 2. weil<br \/>\nsich viele gar nicht um die Beweggr\u00fcnde k\u00fcmmern und so nicht viele Stimmen<br \/>\nzusammen kommen.<\/p>\n<p>Wie macht man so ein Thema sexy?<\/p>\n<ol type=\"1\" start=\"40\">\n<li class=\"MsoNormal\" style=\"mso-margin-top-alt: auto; mso-margin-bottom-alt: auto; mso-list: l2 level1 lfo3; tab-stops: list 36.0pt;\"><cite><span style=\"font-size: 10.0pt;\">Gerhard Sch\u00e4ffer<\/span><\/cite><span style=\"font-size: 10.0pt;\">&nbsp;schrieb am <a title=\"\" href=\"http:\/\/albert-schweitzer-stiftung.de\/aktuell\/professoren-gegen-organisierte-verantwortungslosigkeit-massentierhaltung#comment-4436\">29. Mai 2010 um 11:57<\/a>:<\/span><\/li>\n<\/ol>\n<p style=\"margin-left: 36.0pt;\">So ein Stu\u00df, ich will weiter mein Steak und meine<br \/>\nBratwurst billig haben.<\/p>\n<p>Nieder mit dem \u00d6kofaschismus!<\/p>\n<ol type=\"1\" start=\"41\">\n<li class=\"MsoNormal\" style=\"mso-margin-top-alt: auto; mso-margin-bottom-alt: auto; mso-list: l2 level1 lfo3; tab-stops: list 36.0pt;\"><cite><span style=\"font-size: 10.0pt;\">Hahn<\/span><\/cite><span style=\"font-size: 10.0pt;\">&nbsp;schrieb<br \/>\nam <a title=\"\" href=\"http:\/\/albert-schweitzer-stiftung.de\/aktuell\/professoren-gegen-organisierte-verantwortungslosigkeit-massentierhaltung#comment-4439\">29. Mai 2010 um 20:09<\/a>:<\/span><\/li>\n<\/ol>\n<p style=\"margin-left: 36.0pt;\">Und das sollte erst der Anfang sein! Auf die<br \/>\nFleischverpackungen m\u00fcssen Bilder, die detailliert das Schlachten zeigen. Statt<br \/>\nder niedlichen Osterk\u00fckenbilder sollten Postkarten, die das Vergasen zeigen<br \/>\nangeboten werden. Schulklassen sollten Schlachthofbesuche machen. Der<br \/>\nFleischwahnsinn muss endlich ein Ende haben!<\/p>\n<ol type=\"1\" start=\"42\">\n<li class=\"MsoNormal\" style=\"mso-margin-top-alt: auto; mso-margin-bottom-alt: auto; mso-list: l2 level1 lfo3; tab-stops: list 36.0pt;\"><cite><span style=\"font-size: 10.0pt;\">Jan<br \/>\nUmsonst<\/span><\/cite><span style=\"font-size: 10.0pt;\">&nbsp;schrieb am <a title=\"\" href=\"http:\/\/albert-schweitzer-stiftung.de\/aktuell\/professoren-gegen-organisierte-verantwortungslosigkeit-massentierhaltung#comment-4440\">29. Mai 2010 um 21:19<\/a>:<\/span><\/li>\n<\/ol>\n<p style=\"margin-left: 36.0pt;\">Ein kleiner Kurzfilmabend<\/p>\n<p>Die Gr\u00f6sse und den moralischen Fortschritt einer Nation kann man daran messen,<br \/>\nwie sie die Tiere behandelt.<\/p>\n<p>Mahatma Gandhi<\/p>\n<p style=\"margin-left: 36.0pt;\">Eines Abends sa\u00dfen ein paar Kollegen und meine<br \/>\nverwirrte Wenigkeit in unserem Aufenthaltsraum<\/p>\n<p>und diskutierten \u00fcber die Menschen und ihre Sichtweise von Ethik und Moral. Als<br \/>\nwir gerade<\/p>\n<p>unsere Runde aufl\u00f6sen wollten, kroch eine Kollegin in den Raum und fragte ob<br \/>\nwir vielleicht Lust<\/p>\n<p>h\u00e4tten uns ein paar Kurzfilme anzuschauen, die sie zusammengestellt h\u00e4tte.<br \/>\nEinige von uns wollten<\/p>\n<p>zwar gerade schlafen gehen, aber am Ende entschlossen wir uns doch noch alle<br \/>\nuns einen kleinen<\/p>\n<p>Filmabend zu g\u00f6nnen. Wir dachten ein wenig Unterhaltung k\u00f6nne nicht schaden.<br \/>\nW\u00e4hrend wir uns<\/p>\n<p>im Raum verteilten und uns auf die Sitzprojektionen setzten, kommunizierte<br \/>\nunsere Kollegin mit<\/p>\n<p>der Matrix, um den Film vorzubereiten. Als wir im Kreis sa\u00dfen, dimmte sie das<br \/>\nLicht. In diesem<\/p>\n<p>Moment fragte ich mich, was denn \u00fcberhaupt die Themen der Filme waren, als<br \/>\nschon die<\/p>\n<p>Holoprojektion in der Mitte des Raums entstand und gut leserlich der erste<br \/>\nTitel erschien: &#8222;Die<\/p>\n<p>Evolution der Kuh unter dem Aspekt des maximalen Profits&#8220;, mir schwante B\u00f6ses.<\/p>\n<p>Der Film fing ganz harmlos an, er zeigte uns ein paar K\u00fche auf einer gr\u00fcnen<br \/>\nWiese. Es wurde uns erkl\u00e4rt, dass die durchschnittliche Kuh damals 10 Liter Milch am Tag<br \/>\ngegeben und sie sich die meiste Zeit im Freien aufgehalten hatte. Pl\u00f6tzlich<br \/>\nwurde das Hologramm von einer Art Wirbel zusammengezogen und mit einem<br \/>\nWhoop-Effekt entstand ein neues Bild.<\/p>\n<p>Aus der Kuhherde wurde ein Stall mit hundert K\u00fchen, w\u00e4hrend die Stimme<br \/>\nerw\u00e4hnte, dass die K\u00fche nur noch selten den Stall verlie\u00dfen und inzwischen \u00fcber<br \/>\n20 Liter<br \/>\nMilch am Tag gaben; t\u00e4uschte ich mich oder waren ihre Milchdr\u00fcsen gr\u00f6\u00dfer<br \/>\ngeworden?<\/p>\n<p>Wieder dieser Effekt, das Bild wechselte und der Stall wurde gr\u00f6\u00dfer, die<br \/>\nFenster verschwanden, inzwischen waren es Hunderte von K\u00fchen, die den Stall<br \/>\nnicht mehr verlie\u00dfen und am Tag 35 Liter Milch gaben; jetzt war ich mir sicher:<br \/>\nIhre Milchdr\u00fcsen wurden ganz bestimmt gr\u00f6\u00dfer. Inzwischen war der L\u00e4rmpegel in<br \/>\nder Halle deutlich lauter geworden. Der Sprecher erw\u00e4hnte, dass die<\/p>\n<p>Leistungshybriden an Entz\u00fcndungen und Geschw\u00fcren erkrankt waren und unter<br \/>\nSchmerzen litten.<\/p>\n<p>Whoop, die Szene wechselte wieder, diesmal \u00fcberflogen wir aus der Sicht einer<br \/>\nunserer Sonden ein<\/p>\n<p>Areal aus mehreren gro\u00dfen Hallen, um am Ende in einen Stall mit hunderten von<br \/>\nK\u00fchen<\/p>\n<p>einzutauchen. Der Ger\u00e4uschpegel hatte deutlich abgenommen. Uns wurde erkl\u00e4rt,<br \/>\ndass die K\u00fche<\/p>\n<p>nun Schmerzmittel und Antibiotika bekamen, da die Menschen festgestellt hatten,<br \/>\ndass sie so den<\/p>\n<p>Ertrag steigern konnten. Inzwischen gab die einzelne Kuh 50 Liter Milch am Tag und<br \/>\nihre<\/p>\n<p>Milchdr\u00fcse lag in einem Gestell. Konnten die K\u00fche \u00fcberhaupt noch laufen?<\/p>\n<p>Das Bild wechselte wieder mit einem Wuscheffekt und wir wurden Zuschauer einer<br \/>\nGeburt. Wir<\/p>\n<p>sahen ein Flie\u00dfband mit K\u00fchen, die uns \u00e4ngstlich mit ihren gro\u00dfen Augen<br \/>\nanschauten. Dann<\/p>\n<p>erkannten wir den Grund. Sie wurden der Reihe nach von einer Maschine am Bauch<br \/>\naufgeschnitten,<\/p>\n<p>damit ein Kalb herausfallen konnte, welches von einer autonomen<br \/>\nTransporteinheit weggefahren<\/p>\n<p>wurde. Der Sprecher erkl\u00e4rte uns, dass es den Menschen \u00fcber Genver\u00e4nderung<br \/>\ngelungen war, die<\/p>\n<p>Fertilit\u00e4tsrate der Reproduktionsbioreaktoren auf bis zu f\u00fcnf Leistungshybriden<br \/>\npro Jahr zu<\/p>\n<p>steigern, die kosteng\u00fcnstig aus ihren K\u00f6rpern entfernt wurden. Der geklonte<br \/>\nFertiliti Bioreaktor 2000 besa\u00df eine Lebensdauer von zwei Jahren, die Menschen<br \/>\narbeiteten aber an dem Problem. Das<\/p>\n<p>Modell 3000 war in Arbeit. Von den Bioreaktoren ging es zu den St\u00e4llen,<br \/>\ninzwischen gaben die<\/p>\n<p>Leistungshybriden 75 Liter<br \/>\nMilch pro Tag. Inzwischen war ich mir sicher, dass sie nicht mehr<\/p>\n<p>laufen konnten. Weil die Menschen gemerkt hatten, dass sie \u00fcber Psychopharmaka<br \/>\ndie Leistung der<\/p>\n<p>Kuh nochmals verbesserten, wurden sie entsprechen medikamentiert. Inzwischen<br \/>\nkonnte ich an fast<\/p>\n<p>allen K\u00fchen Geschw\u00fcre und Entz\u00fcndungen entdecken. Naja, jedenfalls waren die<br \/>\nSchmerzen weg.<\/p>\n<p>Die Sicht wechselte wieder und ich schaute in die traurigen Augen eines<br \/>\nLebewesens, welches nicht<\/p>\n<p>gerade gesund und gl\u00fccklich aussah, die Milchdr\u00fcse war wieder gr\u00f6\u00dfer geworden,<br \/>\nsie machte<\/p>\n<p>inzwischen die H\u00e4lfte des K\u00f6rpers aus, ihre Leistung war auf 100 Liter pro Tag<br \/>\nangestiegen.<\/p>\n<p>T\u00e4uschte ich mich da oder waren das da Schl\u00e4uche, die in der Kuh verschwanden?<br \/>\nW\u00e4hrend die<\/p>\n<p>Stimme irgendetwas von nicht mehr \u00fcberlebensf\u00e4hig, krank, Schmerzen, Leben eine<br \/>\neinzige Qual<\/p>\n<p>daherredete, driftete mein Geist ab und ich sah K\u00fche, die vollgepumpt mit<br \/>\nSchmerzmittel und<\/p>\n<p>Psychopharmaka auf ihren Milchdr\u00fcsen fr\u00f6hlich durch die St\u00e4lle h\u00fcpften.<\/p>\n<p>Das Bild wechselte wieder und riss mich aus meiner Vorstellung. Die Milchdr\u00fcsen<br \/>\nwaren auf zwei<\/p>\n<p>Drittel des K\u00f6rpers angewachsen. Inzwischen gab es keinen Zweifel mehr, in die<br \/>\nBio Production<\/p>\n<p>Units, ehemals ein Lebewesen namens Kuh, f\u00fchrten viele Schl\u00e4uche. Laut dem<br \/>\nSprecher waren die<\/p>\n<p>Schl\u00e4uche n\u00f6tig, da es ansonsten unm\u00f6glich gewesen w\u00e4re den &#8222;Lebewesen&#8220; die<br \/>\nn\u00f6tigen N\u00e4hrstoffe<\/p>\n<p>zuzuf\u00fchren. Weiterhin erw\u00e4hnte er, dass sie inzwischen 200 Liter Milch am Tag<br \/>\ngaben und nicht<\/p>\n<p>mehr bei Bewusstsein waren, sondern sich im k\u00fcnstlichen Koma befanden, da man<br \/>\nso viele der<\/p>\n<p>Medikamente hatte sparen k\u00f6nnen.<\/p>\n<p>Wieder der Wirbel und das Bild wechselte erneut, irgendetwas fehlte im neuen<br \/>\nBild, dann erkannte<\/p>\n<p>ich es, die K\u00fche waren verschwunden, an ihrer Stelle existierten gro\u00dfe,<br \/>\nschwammige, unf\u00f6rmige<\/p>\n<p>S\u00e4cke, in die Schl\u00e4uche hinein f\u00fchrten. S\u00e4cke? Erst als der Sprecher erw\u00e4hnte,<br \/>\ndass die<\/p>\n<p>Tagesproduktion der Milchdr\u00fcsen inzwischen \u00fcber 400 Liter betrug, wurde<br \/>\nmir klar was diese<\/p>\n<p>S\u00e4cke waren!<\/p>\n<p>Whoop, die Szenerie wechselte wieder, die wei\u00dfen &#8222;Am\u00f6ben&#8220; waren verschwunden,<br \/>\nan ihre Stelle<\/p>\n<p>waren gro\u00dfe Tanks getreten, der Sprecher erkl\u00e4rte uns, dass einer dieser Tanks<br \/>\nso viel Milch wie<\/p>\n<p>5000 K\u00fche am Tag produzieren konnte.<\/p>\n<p>Wieder eine neue Szene, diesmal blickte ich in das Gesicht eines Menschen, der<br \/>\nvoller Stolz von<\/p>\n<p>den erreichten Fortschritten in der Milchproduktion erz\u00e4hlte, die der freien Wirtschaft<br \/>\nin den letzten<\/p>\n<p>120 Jahren dank des technischen Fortschritts gegl\u00fcckt waren. Damit endete der<br \/>\nFilm und ein<\/p>\n<p>neuer begann. Nach dem Huhn und anderen Gefl\u00fcgelarten folgte das Schwein, dann<br \/>\ndas Lamm und<\/p>\n<p>als n\u00e4chstes kamen die Fische an die Reihe. Glauben Sie mir, es war die reinste<br \/>\nFreak-Horrorshow!<\/p>\n<p>Nach dem Ende der Filme herrschte betroffenes Schweigen in unserer Runde. Nach<br \/>\neinigen<\/p>\n<p>Momenten zerschnitt eine nerv\u00f6se Stimme den Raum und fragte, ob uns denn die<br \/>\nFilme gefallen<\/p>\n<p>h\u00e4tten, worauf sich die unterschiedlichsten Sehorgane auf unsere Kollegin<br \/>\nrichteten und sie b\u00f6se<\/p>\n<p>anschauten, als ob sie an dem Gesehenen schuld gewesen w\u00e4re. Eins war mir<br \/>\nbewusst geworden,<\/p>\n<p>Unterhaltung sah definitiv anders aus. Fazit: Ethik und Moral auch hier<br \/>\nFehlanzeige!<\/p>\n<ol type=\"1\" start=\"43\">\n<li class=\"MsoNormal\" style=\"mso-margin-top-alt: auto; mso-margin-bottom-alt: auto; mso-list: l2 level1 lfo3; tab-stops: list 36.0pt;\"><cite><span style=\"font-size: 10.0pt;\">Jan<br \/>\nUmsonst<\/span><\/cite><span style=\"font-size: 10.0pt;\">&nbsp;schrieb am <a title=\"\" href=\"http:\/\/albert-schweitzer-stiftung.de\/aktuell\/professoren-gegen-organisierte-verantwortungslosigkeit-massentierhaltung#comment-4441\">29. Mai 2010 um 21:26<\/a>:<\/span><\/li>\n<\/ol>\n<p style=\"margin-left: 36.0pt;\">Planetofthecrazyapes.org<\/p>\n<p style=\"margin-left: 36.0pt;\">Nur ein kleines Beispiel was ein Mensch machen<br \/>\nkann. Nicht das es gut w\u00e4re, aber dennoch ein Versuch etwas zu \u00e4ndern.<\/p>\n<p style=\"margin-left: 36.0pt;\">Gr\u00fc\u00dfe an euch alle und auf das wir gemeinsam<br \/>\nunseren Planeten ver\u00e4ndern k\u00f6nnen!<\/p>\n<ol type=\"1\" start=\"44\">\n<li class=\"MsoNormal\" style=\"mso-margin-top-alt: auto; mso-margin-bottom-alt: auto; mso-list: l2 level1 lfo3; tab-stops: list 36.0pt;\"><cite><span style=\"font-size: 10.0pt;\">Silvia Lehmann<\/span><\/cite><span style=\"font-size: 10.0pt;\">&nbsp;schrieb am <a title=\"\" href=\"http:\/\/albert-schweitzer-stiftung.de\/aktuell\/professoren-gegen-organisierte-verantwortungslosigkeit-massentierhaltung#comment-4495\">30. Mai 2010 um 14:31<\/a>:<\/span><\/li>\n<\/ol>\n<p style=\"margin-left: 36.0pt;\">An Gerhard Sch\u00e4ffer:<\/p>\n<p>Geh`dir mal solche Massentierhaltungen angucken! Dann wirst du merken, dass die<br \/>\nProfs keinen Stuss vertreten!<\/p>\n<p style=\"margin-left: 36.0pt;\">An alle anderen:<\/p>\n<p>Fragt nach, wenn ihr k\u00f6nnt, wo eure tierischen Lebensmittel herkommen! Geht<br \/>\nnach M\u00f6glichkeit zum Bauern und kauft dort direkt eure Milch!!!<\/p>\n<ol type=\"1\" start=\"45\">\n<li class=\"MsoNormal\" style=\"mso-margin-top-alt: auto; mso-margin-bottom-alt: auto; mso-list: l2 level1 lfo3; tab-stops: list 36.0pt;\"><cite><span style=\"font-size: 10.0pt;\">Nina S.<\/span><\/cite><span style=\"font-size: 10.0pt;\">&nbsp;schrieb<br \/>\nam <a title=\"\" href=\"http:\/\/albert-schweitzer-stiftung.de\/aktuell\/professoren-gegen-organisierte-verantwortungslosigkeit-massentierhaltung#comment-4564\">1. Juni 2010 um 10:21<\/a>:<\/span><\/li>\n<\/ol>\n<p style=\"margin-left: 36.0pt;\">Ich bin mit Steaks gro\u00dfgeworden.Als ich im<br \/>\nInternat mit 12 Jahren Die Zeitschrift &#8222;Stern&#8220; in die Hand bekam, las ich das<br \/>\nerste Mal, wie unglaublich grausam und schrecklich es auf Schlachth\u00f6fen usw.<br \/>\nzugeht.<\/p>\n<p>Seit diesem Tag esse ich kein Fleisch mehr!<\/p>\n<p>Mir war bis dato nicht bewu\u00dft, was diesen armen Gesch\u00f6pfen angetan wird -man<br \/>\nisst halt Fleisch.<\/p>\n<p>Jetzt bin ich 47 und werde nie wieder Tiere essen.<\/p>\n<ol type=\"1\" start=\"46\">\n<li class=\"MsoNormal\" style=\"mso-margin-top-alt: auto; mso-margin-bottom-alt: auto; mso-list: l2 level1 lfo3; tab-stops: list 36.0pt;\"><cite><span style=\"font-size: 10.0pt;\">anke wichmann<\/span><\/cite><span style=\"font-size: 10.0pt;\">&nbsp;schrieb am <a title=\"\" href=\"http:\/\/albert-schweitzer-stiftung.de\/aktuell\/professoren-gegen-organisierte-verantwortungslosigkeit-massentierhaltung#comment-4576\">2. Juni 2010 um 09:13<\/a>:<\/span><\/li>\n<\/ol>\n<p style=\"margin-left: 36.0pt;\">ich finde die sache klasse, es geht mir aber<br \/>\nnicht weit genug \u2013 warum kann man nicht endlich fleisch durch zellvermehrung im<br \/>\nlabor herstellen? man k\u00f6nnte die &#8222;fleischberge&#8220; dann noch bisschen in form<br \/>\nbringen und dann sollen die fleischfresser doch ordentlich reinhauen! dieses abartige<br \/>\ntierleichengefresse geh\u00f6rt meiner meinung nach noch nicht mal ins mittelalter!<br \/>\nich pers\u00f6nlich habe vor 20 jahren aufgeh\u00f6rt, meine freunde, die tiere,<br \/>\nausbeuten zu helfen und lebe seither vegan.<\/p>\n<ol type=\"1\" start=\"47\">\n<li class=\"MsoNormal\" style=\"mso-margin-top-alt: auto; mso-margin-bottom-alt: auto; mso-list: l2 level1 lfo3; tab-stops: list 36.0pt;\"><cite><span style=\"font-size: 10.0pt;\"><a href=\"http:\/\/www.schule-und-tierschutz.de\">Regina<br \/>\nKowalzick<\/a><\/span><\/cite><span style=\"font-size: 10.0pt;\">&nbsp;schrieb am<br \/>\n<a title=\"\" href=\"http:\/\/albert-schweitzer-stiftung.de\/aktuell\/professoren-gegen-organisierte-verantwortungslosigkeit-massentierhaltung#comment-4649\">7. Juni 2010 um 09:03<\/a>:<\/span><\/li>\n<\/ol>\n<p style=\"margin-left: 36.0pt;\">Jan Umsonst, Eintrag Nr. 42, wie hei\u00dft dieser Film?<\/p>\n<ol type=\"1\" start=\"48\">\n<li class=\"MsoNormal\" style=\"mso-margin-top-alt: auto; mso-margin-bottom-alt: auto; mso-list: l2 level1 lfo3; tab-stops: list 36.0pt;\"><cite><span style=\"font-size: 10.0pt;\">ralf heinke<\/span><\/cite><span style=\"font-size: 10.0pt;\">&nbsp;schrieb am <a title=\"\" href=\"http:\/\/albert-schweitzer-stiftung.de\/aktuell\/professoren-gegen-organisierte-verantwortungslosigkeit-massentierhaltung#comment-4669\">8. Juni 2010 um 15:05<\/a>:<\/span><\/li>\n<\/ol>\n<p style=\"margin-left: 36.0pt;\">eine \u00e4hnliche Aktion w\u00fcnsche ich mir auch von deutschen<br \/>\nProfessoren und Wissenschaftlern! Unter der Federf\u00fchrung von bekannten<br \/>\n(prominenten) K\u00f6pfen, wie z.B. Prof. Dr. E.U. von Weizs\u00e4cker k\u00f6nnte hier<br \/>\nEiniges erreicht werden!!!<\/p>\n<p>Die gesamte Problematik muss verst\u00e4rkt in die \u00d6ffentlichkeit, der Druck auf die<br \/>\nLobby erh\u00f6ht werden. Vielleicht kann ja eine namhafte Einrichtung wie die A.<br \/>\nSchweitzer Stiftung hier etwas anstossen!!!<\/p>\n<ol type=\"1\" start=\"49\">\n<li class=\"MsoNormal\" style=\"mso-margin-top-alt: auto; mso-margin-bottom-alt: auto; mso-list: l2 level1 lfo3; tab-stops: list 36.0pt;\"><cite><span style=\"font-size: 10.0pt;\">Jan Reimond<\/span><\/cite><span style=\"font-size: 10.0pt;\">&nbsp;schrieb am <a title=\"\" href=\"http:\/\/albert-schweitzer-stiftung.de\/aktuell\/professoren-gegen-organisierte-verantwortungslosigkeit-massentierhaltung#comment-4762\">14. Juni 2010 um 10:48<\/a>:<\/span><\/li>\n<\/ol>\n<p style=\"margin-left: 36.0pt;\">@ ralf heinke, Eintrag 48: Ja. Genau. Wir sollten<br \/>\n\u2013 neben aller wichtigen ethischen Diskussion und Aufkl\u00e4rung der breiten<br \/>\nVerbraucherschaft \u2013 die Analyse und Forderungen der niederl\u00e4ndischen<br \/>\nWissenschaftler an die Entscheider, die Politiker und Beh\u00f6rden, an Tier\u00e4rzte<br \/>\nund an die Landwirte selbst herantragen. Im einzelnen Konfliktfall um neue<br \/>\nMastanlagen mu\u00df man auch an B\u00fcrgermeister, Gemeinder\u00e4te und Kreisbrandmeister<br \/>\netc. herantreten.<\/p>\n<p style=\"margin-left: 36.0pt;\">Ich habe eine ad-hoc-B\u00fcrgerinitiative gegen die<br \/>\ngr\u00f6\u00dfte derzeit geplante Massentierfabrik f\u00fcr H\u00e4hnchen in Mecklenburg-Vorpommern<br \/>\nzusammengebracht (400 000 Mastpl\u00e4tze \u2013 4000 to. kontaminierter Mist \u2013 19 to.<br \/>\nAmmoniakaussto\u00df p.A. \u2013 s. <a href=\"http:\/\/www.bi-brohmerberge.de\">http:\/\/www.bi-brohmerberge.de<\/a>).<br \/>\nDie &#8222;Investoren&#8220; sind der holl\u00e4ndische Agrarkonzern Plukon und ein deutscher<br \/>\nHedgefonds. Sie schicken einen einheimischen Strohmann vor, der den Boden f\u00fcr<br \/>\ndas Projekt bereitet.<\/p>\n<p>Meine Meinung: Wenn Fachleute aus Holland (aus Deutschland \u2026?) fundierte<br \/>\nArgumente vortragen, kann das etwas bewegen.<\/p>\n<p>Ich glaube, die Entscheider, die die Agrarfabriken erm\u00f6glichen, sind oft<br \/>\nerreichbar f\u00fcr pr\u00e4zise Kritik. Und auch die Leute auf dem Land wissen im<br \/>\nGrunde, da\u00df die Massentierhaltung der falsche Weg ist. Sie trauen sich aber oft<br \/>\nnicht etwas zu sagen oder zu schreiben.<\/p>\n<p>Wir m\u00fcssen auf vielen Ebenen agieren, und auch die Leute vor Ort respektieren<br \/>\nin der oft nicht einfach zu f\u00fchrenden Diskussion. z.b. einen B\u00fcrgermeister, der<br \/>\ndringend Gewerbesteuereinnahmen f\u00fcr seine klamme Gemeinde braucht.<\/p>\n<ol type=\"1\" start=\"50\">\n<li class=\"MsoNormal\" style=\"mso-margin-top-alt: auto; mso-margin-bottom-alt: auto; mso-list: l2 level1 lfo3; tab-stops: list 36.0pt;\"><cite><span style=\"font-size: 10.0pt;\">Duro (Dr.Yu.) Lendel<\/span><\/cite><span style=\"font-size: 10.0pt;\">&nbsp;schrieb am <a title=\"\" href=\"http:\/\/albert-schweitzer-stiftung.de\/aktuell\/professoren-gegen-organisierte-verantwortungslosigkeit-massentierhaltung#comment-4968\">1. Juli 2010 um 18:17<\/a>:<\/span><\/li>\n<\/ol>\n<p style=\"margin-left: 36.0pt;\">L\u00f6sung f\u00fcr HIRN und HERZ :<\/p>\n<p>VEGAN-Industrie und Handel mu\u00df STEUERFREI werden !<\/p>\n<p>VEGAN-Bev\u00f6lkerung mu\u00df SOZIALABGABEN-BEG\u00dcNSTIGT werden !<\/p>\n<p>VEGAN-Lebensmittel&amp;Ware mu\u00df PREISWERTER werden !<\/p>\n<p>VEGAN-Lebensweise mu\u00df SUBVENTIONIERT werden !<\/p>\n<p>&#8222;Wenn keiner tierische Produkte kauft , gibt es keine Produktion der tierischen<br \/>\nProdukte !&#8220;<\/p>\n<ol type=\"1\" start=\"51\">\n<li class=\"MsoNormal\" style=\"mso-margin-top-alt: auto; mso-margin-bottom-alt: auto; mso-list: l2 level1 lfo3; tab-stops: list 36.0pt;\"><cite><span style=\"font-size: 10.0pt;\">Carmen<\/span><\/cite><span style=\"font-size: 10.0pt;\">&nbsp;schrieb<br \/>\nam <a title=\"\" href=\"http:\/\/albert-schweitzer-stiftung.de\/aktuell\/professoren-gegen-organisierte-verantwortungslosigkeit-massentierhaltung#comment-5004\">4. Juli 2010 um 14:43<\/a>:<\/span><\/li>\n<\/ol>\n<p style=\"margin-left: 36.0pt;\">Solche Statements von namhaften Pers\u00f6nlichkeiten<br \/>\ngeben mir immer wieder Hoffnung, dass sich doch noch etwas \u00e4ndern wird! Weiter<br \/>\nso! Ein langer Weg, aber der erste Schritt ist immer der schwierigste\u2026<\/p>\n<p>Hoffentlich schlie\u00dfen sich viele andere Nationen diesen Forderungen an.<\/p>\n<ol type=\"1\" start=\"52\">\n<li class=\"MsoNormal\" style=\"mso-margin-top-alt: auto; mso-margin-bottom-alt: auto; mso-list: l2 level1 lfo3; tab-stops: list 36.0pt;\"><cite><span style=\"font-size: 10.0pt;\"><a href=\"http:\/\/www.michaelhoefler.de\">Michael<br \/>\nH\u00f6fler<\/a><\/span><\/cite><span style=\"font-size: 10.0pt;\">&nbsp;schrieb am <a title=\"\" href=\"http:\/\/albert-schweitzer-stiftung.de\/aktuell\/professoren-gegen-organisierte-verantwortungslosigkeit-massentierhaltung#comment-5278\">21. Juli 2010 um 17:01<\/a>:<\/span><\/li>\n<\/ol>\n<p style=\"margin-left: 36.0pt;\">Und im \u00dcbrigen widerspricht die Praxis des Umgang<br \/>\nmit den Milliarden bedauernswerswerten Frankenstein-Kreaturen eklatant dem<br \/>\neigentlich g\u00fcltigen Tierschutzgesetz:<\/p>\n<p style=\"margin-left: 36.0pt;\"><a href=\"http:\/\/www.gesetze-im-internet.de\/tierschg\/BJNR012770972.html#BJNR012770972BJNG000103377\">http:\/\/www.gesetze-im-internet.de\/tierschg\/BJNR012770972.html#BJNR012770972BJNG000103377<\/a><\/p>\n<p style=\"margin-left: 36.0pt;\">&#8222;Tiere essen&#8220; von Jonathan Safran Foer habe ich<br \/>\nim Englischen Original (&#8222;Eating Animals&#8220;) bereits gelesen und kann es bestens<br \/>\nempfehlen.<\/p>\n<ol type=\"1\" start=\"53\">\n<li class=\"MsoNormal\" style=\"mso-margin-top-alt: auto; mso-margin-bottom-alt: auto; mso-list: l2 level1 lfo3; tab-stops: list 36.0pt;\"><cite><span style=\"font-size: 10.0pt;\">Thomas<\/span><\/cite><span style=\"font-size: 10.0pt;\">&nbsp;schrieb<br \/>\nam <a title=\"\" href=\"http:\/\/albert-schweitzer-stiftung.de\/aktuell\/professoren-gegen-organisierte-verantwortungslosigkeit-massentierhaltung#comment-5453\">6. August 2010 um 20:17<\/a>:<\/span><\/li>\n<\/ol>\n<p style=\"margin-left: 36.0pt;\">&#8222;Fleisch ohne Leben,die Musik der Zukunft&#8220;<\/p>\n<p style=\"margin-left: 36.0pt;\">http:\/\/www.taz.de\/1\/zukunft\/konsum\/artikel\/1\/falsches-huhn-an-naehrloesung\/<\/p>\n<ol type=\"1\" start=\"54\">\n<li class=\"MsoNormal\" style=\"mso-margin-top-alt: auto; mso-margin-bottom-alt: auto; mso-list: l2 level1 lfo3; tab-stops: list 36.0pt;\"><cite><span style=\"font-size: 10.0pt;\">Marc<\/span><\/cite><span style=\"font-size: 10.0pt;\">&nbsp;schrieb<br \/>\nam <a title=\"\" href=\"http:\/\/albert-schweitzer-stiftung.de\/aktuell\/professoren-gegen-organisierte-verantwortungslosigkeit-massentierhaltung#comment-5788\">20. August 2010 um 18:46<\/a>:<\/span><\/li>\n<\/ol>\n<p style=\"margin-left: 36.0pt;\">Pluralistischen Ignoranz !!!<\/p>\n<p>DANKE, DANKE, DANKE !<\/p>\n<p>Endlich habe ich eine Erkl\u00e4rung f\u00fcr Unrecht in so vielen Bereichen\u2026<\/p>\n<p>Und DANKE f\u00fcr den tollen Artikel im ganzen !<\/p>\n<p>&nbsp;<\/p>\n<\/div>\n<\/td>\n<\/tr>\n<\/tbody>\n<\/table>\n<p>&nbsp;<\/p>\n","protected":false},"excerpt":{"rendered":"<p>Willkommen beim Ortsverband B\u00fcndnis 90 Die Gr\u00fcnen in Meppen &nbsp; Professoren gegen die organisierte Verantwortungslosigkeit (Massentierhaltung) Ver\u00f6ffentlicht am 19. Mai 2010 In den Niederladen haben sich knapp 250 Professoren zusammengeschlossen, [&hellip;]<\/p>\n","protected":false},"author":-1,"featured_media":0,"comment_status":"open","ping_status":"open","sticky":false,"template":"","format":"standard","meta":{"footnotes":""},"categories":[3],"tags":[42],"class_list":["post-29","post","type-post","status-publish","format-standard","hentry","category-allgemein","tag-massentierhaltung"],"_links":{"self":[{"href":"https:\/\/gruene-emsland-mitte.de\/index.php?rest_route=\/wp\/v2\/posts\/29","targetHints":{"allow":["GET"]}}],"collection":[{"href":"https:\/\/gruene-emsland-mitte.de\/index.php?rest_route=\/wp\/v2\/posts"}],"about":[{"href":"https:\/\/gruene-emsland-mitte.de\/index.php?rest_route=\/wp\/v2\/types\/post"}],"author":[{"embeddable":true,"href":"https:\/\/gruene-emsland-mitte.de\/index.php?rest_route=\/wp\/v2\/users\/1"}],"replies":[{"embeddable":true,"href":"https:\/\/gruene-emsland-mitte.de\/index.php?rest_route=%2Fwp%2Fv2%2Fcomments&post=29"}],"version-history":[{"count":12,"href":"https:\/\/gruene-emsland-mitte.de\/index.php?rest_route=\/wp\/v2\/posts\/29\/revisions"}],"predecessor-version":[{"id":2006,"href":"https:\/\/gruene-emsland-mitte.de\/index.php?rest_route=\/wp\/v2\/posts\/29\/revisions\/2006"}],"wp:attachment":[{"href":"https:\/\/gruene-emsland-mitte.de\/index.php?rest_route=%2Fwp%2Fv2%2Fmedia&parent=29"}],"wp:term":[{"taxonomy":"category","embeddable":true,"href":"https:\/\/gruene-emsland-mitte.de\/index.php?rest_route=%2Fwp%2Fv2%2Fcategories&post=29"},{"taxonomy":"post_tag","embeddable":true,"href":"https:\/\/gruene-emsland-mitte.de\/index.php?rest_route=%2Fwp%2Fv2%2Ftags&post=29"}],"curies":[{"name":"wp","href":"https:\/\/api.w.org\/{rel}","templated":true}]}}