{"id":3009,"date":"2026-01-25T15:43:03","date_gmt":"2026-01-25T15:43:03","guid":{"rendered":"https:\/\/gruene-emsland-mitte.de\/?p=3009"},"modified":"2026-03-09T17:54:18","modified_gmt":"2026-03-09T17:54:18","slug":"mandatna-klar-empowerment-workshop","status":"publish","type":"post","link":"https:\/\/gruene-emsland-mitte.de\/?p=3009","title":{"rendered":"Mandat?Na klar! Empowerment-Workshop"},"content":{"rendered":"\n<figure class=\"wp-block-image size-large\"><a href=\"https:\/\/gruene-emsland-mitte.de\/wp-content\/uploads\/2026\/01\/WhatsApp-Image-2026-01-25-at-16.23.34.jpeg\"><img loading=\"lazy\" decoding=\"async\" width=\"800\" height=\"776\" src=\"https:\/\/gruene-emsland-mitte.de\/wp-content\/uploads\/2026\/01\/WhatsApp-Image-2026-01-25-at-16.23.34-800x776.jpeg\" alt=\"Neun l\u00e4chelnde Menschen stehen in einem hellen Raum vor einem Banner der Partei B\u00dcNDNIS90\/Die Gr\u00fcnen\" class=\"wp-image-3011\" srcset=\"https:\/\/gruene-emsland-mitte.de\/wp-content\/uploads\/2026\/01\/WhatsApp-Image-2026-01-25-at-16.23.34-800x776.jpeg 800w, https:\/\/gruene-emsland-mitte.de\/wp-content\/uploads\/2026\/01\/WhatsApp-Image-2026-01-25-at-16.23.34-400x388.jpeg 400w, https:\/\/gruene-emsland-mitte.de\/wp-content\/uploads\/2026\/01\/WhatsApp-Image-2026-01-25-at-16.23.34-768x745.jpeg 768w, https:\/\/gruene-emsland-mitte.de\/wp-content\/uploads\/2026\/01\/WhatsApp-Image-2026-01-25-at-16.23.34.jpeg 1082w\" sizes=\"auto, (max-width: 800px) 100vw, 800px\" \/><\/a><figcaption class=\"wp-element-caption\"><em>Referentin Melanie Kuipers (4.v.l.) und die Teilnehmenden des Workshops<\/em><\/figcaption><\/figure>\n\n\n\n<p>Im September 2026 finden die Kommunalwahlen in Niedersachsen statt. Zu diesem Anlass werden wieder engagierte Mitglieder gesucht, die sich einen Mandatsposten im Gemeinde-, Stadt- oder Kreisrat vorstellen k\u00f6nnen. Am 22.01.2026 trafen sich einige Mitglieder des OV Emsland-Mitte, um an unserem Workshop: Mandat?Na klar! teilzunehmen. Hier ging es noch nicht so sehr um die Mandatsarbeit im Konkreten, sondern darum, die Zweifel zu beleuchten, die einem eventuell im Hinblick auf ein Mandat im Weg stehen. In entspannter Atmosph\u00e4re konnten negative Glaubenss\u00e4tze beleuchtet und umgewandelt werden und alle Teilnehmenden gingen gest\u00e4rkt und mit neuen Erkenntnissen aus dem Workshop heraus. Es war ein durch und durch gelungener Abend. Vielen Dank, an unsere Referentin Melanie Kuipers, die diesen Workshop ehrenamtlich f\u00fcr uns durchgef\u00fchrt hat. <\/p>\n\n\n\n<figure class=\"wp-block-image size-large\"><a href=\"https:\/\/gruene-emsland-mitte.de\/wp-content\/uploads\/2026\/01\/WhatsApp-Image-2026-01-22-at-21.01.51.jpeg\"><img loading=\"lazy\" decoding=\"async\" width=\"800\" height=\"1067\" src=\"https:\/\/gruene-emsland-mitte.de\/wp-content\/uploads\/2026\/01\/WhatsApp-Image-2026-01-22-at-21.01.51-800x1067.jpeg\" alt=\"Drei Stellw\u00e4nde stehen in einem Raum. Auf den beiden \u00e4u\u00dferen Stellw\u00e4nden ist schwarze Schrift geschrieben. An der mittleren Stellwand h\u00e4ngen viele bunte Notizen.\" class=\"wp-image-3012\" srcset=\"https:\/\/gruene-emsland-mitte.de\/wp-content\/uploads\/2026\/01\/WhatsApp-Image-2026-01-22-at-21.01.51-800x1067.jpeg 800w, https:\/\/gruene-emsland-mitte.de\/wp-content\/uploads\/2026\/01\/WhatsApp-Image-2026-01-22-at-21.01.51-400x533.jpeg 400w, https:\/\/gruene-emsland-mitte.de\/wp-content\/uploads\/2026\/01\/WhatsApp-Image-2026-01-22-at-21.01.51-768x1024.jpeg 768w, https:\/\/gruene-emsland-mitte.de\/wp-content\/uploads\/2026\/01\/WhatsApp-Image-2026-01-22-at-21.01.51-1152x1536.jpeg 1152w, https:\/\/gruene-emsland-mitte.de\/wp-content\/uploads\/2026\/01\/WhatsApp-Image-2026-01-22-at-21.01.51.jpeg 1200w\" sizes=\"auto, (max-width: 800px) 100vw, 800px\" \/><\/a><\/figure>\n\n\n\n<p><\/p>\n\n\n\n<p>In den n\u00e4chsten Wochen und Monaten folgen weitere Veranstaltungen zum Thema Mandatsarbeit. Wenn ihr Interesse daran habt, die Gr\u00fcnen in den R\u00e4ten zu vertreten, meldet euch gerne bei uns per Mail an: vorstand@gruene-emsland-mitte.de <\/p>\n\n\n\n<p><\/p>\n","protected":false},"excerpt":{"rendered":"<p>Im September 2026 finden die Kommunalwahlen in Niedersachsen statt. Zu diesem Anlass werden wieder engagierte Mitglieder gesucht, die sich einen Mandatsposten im Gemeinde-, Stadt- oder Kreisrat vorstellen k\u00f6nnen. Am 22.01.2026 [&hellip;]<\/p>\n","protected":false},"author":-1,"featured_media":3011,"comment_status":"closed","ping_status":"open","sticky":false,"template":"","format":"standard","meta":{"footnotes":""},"categories":[3],"tags":[],"class_list":["post-3009","post","type-post","status-publish","format-standard","has-post-thumbnail","hentry","category-allgemein"],"_links":{"self":[{"href":"https:\/\/gruene-emsland-mitte.de\/index.php?rest_route=\/wp\/v2\/posts\/3009","targetHints":{"allow":["GET"]}}],"collection":[{"href":"https:\/\/gruene-emsland-mitte.de\/index.php?rest_route=\/wp\/v2\/posts"}],"about":[{"href":"https:\/\/gruene-emsland-mitte.de\/index.php?rest_route=\/wp\/v2\/types\/post"}],"author":[{"embeddable":true,"href":"https:\/\/gruene-emsland-mitte.de\/index.php?rest_route=\/wp\/v2\/users\/11"}],"replies":[{"embeddable":true,"href":"https:\/\/gruene-emsland-mitte.de\/index.php?rest_route=%2Fwp%2Fv2%2Fcomments&post=3009"}],"version-history":[{"count":3,"href":"https:\/\/gruene-emsland-mitte.de\/index.php?rest_route=\/wp\/v2\/posts\/3009\/revisions"}],"predecessor-version":[{"id":3032,"href":"https:\/\/gruene-emsland-mitte.de\/index.php?rest_route=\/wp\/v2\/posts\/3009\/revisions\/3032"}],"wp:featuredmedia":[{"embeddable":true,"href":"https:\/\/gruene-emsland-mitte.de\/index.php?rest_route=\/wp\/v2\/media\/3011"}],"wp:attachment":[{"href":"https:\/\/gruene-emsland-mitte.de\/index.php?rest_route=%2Fwp%2Fv2%2Fmedia&parent=3009"}],"wp:term":[{"taxonomy":"category","embeddable":true,"href":"https:\/\/gruene-emsland-mitte.de\/index.php?rest_route=%2Fwp%2Fv2%2Fcategories&post=3009"},{"taxonomy":"post_tag","embeddable":true,"href":"https:\/\/gruene-emsland-mitte.de\/index.php?rest_route=%2Fwp%2Fv2%2Ftags&post=3009"}],"curies":[{"name":"wp","href":"https:\/\/api.w.org\/{rel}","templated":true}]}}