{"id":308,"date":"2014-04-28T21:27:13","date_gmt":"2014-04-28T21:27:13","guid":{"rendered":"http:\/\/die-gruenen-meppen.de\/?p=308"},"modified":"2014-04-28T21:27:13","modified_gmt":"2014-04-28T21:27:13","slug":"grune-rufen-zur-wahl-von-helmut-knurbein-auf","status":"publish","type":"post","link":"https:\/\/gruene-emsland-mitte.de\/?p=308","title":{"rendered":"Gr\u00fcne rufen zur Wahl von Helmut Knurbein auf"},"content":{"rendered":"<p>B\u00fcrgermeisterwahl soll Weichen f\u00fcr \u00f6kologische Stadtpolitik stellen<\/p>\n<p>Dass sich die Meppener Oppositionsparteien gemeinsam auf einen B\u00fcrgermeisterkandidaten einigen, ist f\u00fcr unsere Stadt ein echter Gl\u00fccksfall.<br \/>\nGemeinsam wollen nun SPD, UWG, B\u00fcndnisgr\u00fcne und die FDP der jahrzehntelangen Dominanz auf diesem Posten  der CDU-Mehrheitspartei Paroli bieten. Was in Lingen m\u00f6glich ist, warum soll  es nicht in Meppen gelingen ?<br \/>\nUnd mit Helmut Knurbein haben wir f\u00fcr dieses Ziel den richtigen Kandidaten gefunden. Unsere b\u00fcndnisgr\u00fcnen Ratsmitglieder vertreten \u00f6kologische und soziale Interessen seit \u00fcber 25  Jahren. Gegen alle Unkenrufe, dass gr\u00fcne Politik in Meppen keine Chance hat, haben wir politische Entscheidungen mit beeinflusst.<br \/>\nDer gegenw\u00e4rtige B\u00fcrgermeister, Jan Erik Bohlen, ist anfangs den besonnenen gr\u00fcnen Stimmen im Meppener Rat von Maria Feige Osmers und Ulla Kleinlosen in politischen Diskussionen mit Arroganz, bisweilen sogar mit H\u00e4me begegnet. Mittlerweile hat sich der Ton von<br \/>\nB\u00fcrgermeister Bohlen gegen\u00fcber den Gr\u00fcnen und anderen B\u00fcrgern gl\u00fccklicherweise gewandelt. Doch dr\u00e4ngt sich der Verdacht auf, dass dies auch der Einsicht geschuldet ist, dass er sich seiner Wiederwahl nicht sicher sein  kann.<br \/>\nHelmut Knurbein steht f\u00fcr uns Gr\u00fcne f\u00fcr Glaubw\u00fcrdigkeit, Sachlichkeit und Augenma\u00df.<br \/>\nAngesichts der Verschuldung unserer Stadt muss einerseits klar sein, dass nicht alles W\u00fcnschenswerte bezahlbar ist, doch schaffen kommunale Investitionen auf der anderen Seite Arbeitspl\u00e4tze, f\u00f6rdern die Kaufkraft. Zwischen diesen beiden Polen bietet Helmut Knurbein interessante Ideen f\u00fcr Meppen, wie zum Beispiel den Ausbau von Alternativen in der Verkehrspolitik sowie eines umfasssenden innerst\u00e4dtischen Radweges. Wir rufen alle Meppener auf, am 25. Mai Helmut Knurbein zum B\u00fcrgermeister von Meppen zu w\u00e4hlen. <\/p>\n","protected":false},"excerpt":{"rendered":"<p>B\u00fcrgermeisterwahl soll Weichen f\u00fcr \u00f6kologische Stadtpolitik stellen Dass sich die Meppener Oppositionsparteien gemeinsam auf einen B\u00fcrgermeisterkandidaten einigen, ist f\u00fcr unsere Stadt ein echter Gl\u00fccksfall. Gemeinsam wollen nun SPD, UWG, B\u00fcndnisgr\u00fcne [&hellip;]<\/p>\n","protected":false},"author":-1,"featured_media":0,"comment_status":"open","ping_status":"open","sticky":false,"template":"","format":"standard","meta":{"footnotes":""},"categories":[3],"tags":[],"class_list":["post-308","post","type-post","status-publish","format-standard","hentry","category-allgemein"],"_links":{"self":[{"href":"https:\/\/gruene-emsland-mitte.de\/index.php?rest_route=\/wp\/v2\/posts\/308","targetHints":{"allow":["GET"]}}],"collection":[{"href":"https:\/\/gruene-emsland-mitte.de\/index.php?rest_route=\/wp\/v2\/posts"}],"about":[{"href":"https:\/\/gruene-emsland-mitte.de\/index.php?rest_route=\/wp\/v2\/types\/post"}],"author":[{"embeddable":true,"href":"https:\/\/gruene-emsland-mitte.de\/index.php?rest_route=\/wp\/v2\/users\/2"}],"replies":[{"embeddable":true,"href":"https:\/\/gruene-emsland-mitte.de\/index.php?rest_route=%2Fwp%2Fv2%2Fcomments&post=308"}],"version-history":[{"count":1,"href":"https:\/\/gruene-emsland-mitte.de\/index.php?rest_route=\/wp\/v2\/posts\/308\/revisions"}],"predecessor-version":[{"id":309,"href":"https:\/\/gruene-emsland-mitte.de\/index.php?rest_route=\/wp\/v2\/posts\/308\/revisions\/309"}],"wp:attachment":[{"href":"https:\/\/gruene-emsland-mitte.de\/index.php?rest_route=%2Fwp%2Fv2%2Fmedia&parent=308"}],"wp:term":[{"taxonomy":"category","embeddable":true,"href":"https:\/\/gruene-emsland-mitte.de\/index.php?rest_route=%2Fwp%2Fv2%2Fcategories&post=308"},{"taxonomy":"post_tag","embeddable":true,"href":"https:\/\/gruene-emsland-mitte.de\/index.php?rest_route=%2Fwp%2Fv2%2Ftags&post=308"}],"curies":[{"name":"wp","href":"https:\/\/api.w.org\/{rel}","templated":true}]}}