{"id":310,"date":"2014-05-25T21:19:53","date_gmt":"2014-05-25T21:19:53","guid":{"rendered":"http:\/\/die-gruenen-meppen.de\/?p=310"},"modified":"2015-01-21T17:36:24","modified_gmt":"2015-01-21T17:36:24","slug":"gratulation-helmut-knurbein-burgermeister-in-meppen","status":"publish","type":"post","link":"https:\/\/gruene-emsland-mitte.de\/?p=310","title":{"rendered":"Gratulation: Helmut Knurbein B\u00fcrgermeister in Meppen"},"content":{"rendered":"<p>&nbsp;<\/p>\n<div>\n<blockquote>\n<div dir=\"ltr\">\n<div dir=\"ltr\">\n<div style=\"font-size: 12pt;font-family: Calibri\">\n<div>\n<div>\n<div style=\"margin: 0cm 0cm 0pt\"><span><span style=\"font-family: Times New Roman\"><strong>Meppen.<\/strong> Zun\u00e4chst einmal<strong><em> Danke<\/em><\/strong> an die W\u00e4hlerinnen und W\u00e4hler der gr\u00fcnen Partei, die mit 7,95\u00a0 % f\u00fcr die gr\u00fcne Partei in Meppen gestimmt haben. Damit haben wir den Negativtrend nach dem verpatzten Start im Anschluss an die Kommunalwahl offensichtlich gestoppt. Die Wahlbeteiligung von 57,6 macht klar, dass von Politikverdrossenheit in Meppen keine Rede sein kann. Rund 15 400 Mitb\u00fcrger haben ihren Willen dokumentiert die Demokratie zu st\u00e4rken. Auch das miserable Abschneiden der NPD stimmt uns positiv.<\/span><\/span><\/div>\n<\/div>\n<div>\n<div style=\"margin: 0cm 0cm 0pt\"><span><span style=\"font-family: Times New Roman\">Nicht zuletzt setzen sich die Menschen in Meppen mehrheitlich f\u00fcr ein freiheitliches und friedliches Europa ein. Das darf man sich angesichts der Ereignisse in der Ukraine und den erstarken rechtsnationaler Parteien in unseren Nachbarl\u00e4ndern ruhig einmal vor Augen f\u00fchren.<\/span><\/span><\/div>\n<\/div>\n<div>\n<div style=\"margin: 0cm 0cm 0pt\"><span><span style=\"font-family: Times New Roman\">1215 gr\u00fcne W\u00e4hler beantworten auch in Meppen die europ\u00e4ische Krise mit Augenma\u00df und dem Bewusstsein, dass nachhaltiger wirtschaftlicher Fortschritt nur mit Klimaschutz und dem Schutz der Gesundheit der Menschen zu machen ist.\u00a0 <\/span><\/span><\/div>\n<\/div>\n<div>\n<div style=\"margin: 0cm 0cm 0pt\"><span><span style=\"font-family: Times New Roman\">Danke aber auch auch an unsere Parteimitglieder, die sich im Wahlkampf engagiert haben. <\/span><\/span><\/div>\n<\/div>\n<div>\n<div style=\"margin: 0cm 0cm 0pt\"><strong><em><span><span style=\"font-family: Times New Roman\">Wir alle haben Stadtgeschichte geschrieben.<\/span><\/span><\/em><\/strong><\/div>\n<\/div>\n<div>\n<div style=\"margin: 0cm 0cm 0pt\"><span><span style=\"font-family: Times New Roman\">Die Oppositionsparteien Gr\u00fcne, SPD, UWG und FDP haben es geschafft: Helmut Knurbein wird neuer Chef der Stadtverwaltung. Mit 8247 Stimmen (52,46 Prozent) lie\u00df er CDU-Amtsinhaber Jan Erik Bohling (6212 Stimmen\/39,52 Prozent) deutlich hinter sich. In unserer Stadt ist endlich ein Nicht-Christdemokrat B\u00fcrgermeister. Dem parteilosen Bewerber, der fast alle 40 Wahllokalen gewann, gelang, was zuletzt die SPD-Frau Karin Stief-Kreihe 1994 schaffte.<\/span><\/span><\/div>\n<\/div>\n<div>\n<div style=\"margin: 0cm 0cm 0pt\"><span><span style=\"font-family: Times New Roman\">Wir erhoffen uns vom neuen B\u00fcrgermeister konstruktive Zusammenarbeit und ein Gesp\u00fcr f\u00fcr gr\u00fcne Themen in Meppen. Auch bei Jan Erik Bohling bedanken wir uns f\u00fcr sein Engagement f\u00fcr die Stadt Meppen und w\u00fcnschen ihm pers\u00f6nlich einen gelungenen Neustart in neuer Position.\u00a0 <\/span><\/span><\/div>\n<\/div>\n<div>\n<div style=\"margin: 0cm 0cm 0pt\"><span><span style=\"font-family: Times New Roman\">Vorstand OV Meppen, Stadtratsfraktion B\u00fcndnis 90\/die Gr\u00fcnen<\/span><\/span><span>\u00a0<\/span><\/div>\n<\/div>\n<\/div>\n<\/div>\n<\/div>\n<\/div>\n<\/blockquote>\n<\/div>\n<p>&nbsp;<\/p>\n<p>&nbsp;<\/p>\n","protected":false},"excerpt":{"rendered":"<p>&nbsp; Meppen. Zun\u00e4chst einmal Danke an die W\u00e4hlerinnen und W\u00e4hler der gr\u00fcnen Partei, die mit 7,95\u00a0 % f\u00fcr die gr\u00fcne Partei in Meppen gestimmt haben. Damit haben wir den Negativtrend [&hellip;]<\/p>\n","protected":false},"author":-1,"featured_media":0,"comment_status":"open","ping_status":"open","sticky":false,"template":"","format":"standard","meta":{"footnotes":""},"categories":[3],"tags":[],"class_list":["post-310","post","type-post","status-publish","format-standard","hentry","category-allgemein"],"_links":{"self":[{"href":"https:\/\/gruene-emsland-mitte.de\/index.php?rest_route=\/wp\/v2\/posts\/310","targetHints":{"allow":["GET"]}}],"collection":[{"href":"https:\/\/gruene-emsland-mitte.de\/index.php?rest_route=\/wp\/v2\/posts"}],"about":[{"href":"https:\/\/gruene-emsland-mitte.de\/index.php?rest_route=\/wp\/v2\/types\/post"}],"author":[{"embeddable":true,"href":"https:\/\/gruene-emsland-mitte.de\/index.php?rest_route=\/wp\/v2\/users\/2"}],"replies":[{"embeddable":true,"href":"https:\/\/gruene-emsland-mitte.de\/index.php?rest_route=%2Fwp%2Fv2%2Fcomments&post=310"}],"version-history":[{"count":5,"href":"https:\/\/gruene-emsland-mitte.de\/index.php?rest_route=\/wp\/v2\/posts\/310\/revisions"}],"predecessor-version":[{"id":313,"href":"https:\/\/gruene-emsland-mitte.de\/index.php?rest_route=\/wp\/v2\/posts\/310\/revisions\/313"}],"wp:attachment":[{"href":"https:\/\/gruene-emsland-mitte.de\/index.php?rest_route=%2Fwp%2Fv2%2Fmedia&parent=310"}],"wp:term":[{"taxonomy":"category","embeddable":true,"href":"https:\/\/gruene-emsland-mitte.de\/index.php?rest_route=%2Fwp%2Fv2%2Fcategories&post=310"},{"taxonomy":"post_tag","embeddable":true,"href":"https:\/\/gruene-emsland-mitte.de\/index.php?rest_route=%2Fwp%2Fv2%2Ftags&post=310"}],"curies":[{"name":"wp","href":"https:\/\/api.w.org\/{rel}","templated":true}]}}