{"id":3153,"date":"2026-08-31T13:44:14","date_gmt":"2026-08-31T13:44:14","guid":{"rendered":"https:\/\/gruene-emsland-mitte.de\/?p=3153"},"modified":"2026-08-31T13:45:30","modified_gmt":"2026-08-31T13:45:30","slug":"umweltminister-christian-meyer-zu-gast-im-emsland-diskussion-ueber-brennelementefabrik-energie-klima-und-moorschutz","status":"publish","type":"post","link":"https:\/\/gruene-emsland-mitte.de\/?p=3153","title":{"rendered":"Umweltminister Christian Meyer zu Gast im Emsland: Diskussion \u00fcber Brennelementefabrik, Energie, Klima und Moorschutz"},"content":{"rendered":"\n<p class=\"wp-block-paragraph\"><strong>Gr\u00fcne Emsland laden am 7. September ins Kolpinghaus Meppen ein<\/strong><\/p>\n\n\n\n<p class=\"wp-block-paragraph\">Die Gr\u00fcnen im Emsland laden am Montag, 7. September, zu einem politischen Abend mit dem nieders\u00e4chsischen Umweltminister Christian Meyer ins Kolpinghaus Meppen ein. Im Mittelpunkt stehen aktuelle Fragen rund um die Brennelementefabrik in Lingen sowie die Themen Energie, Umwelt-, Klima- und Moorschutz im Emsland.<\/p>\n\n\n\n<p class=\"wp-block-paragraph\">Gemeinsam mit Vertreterinnen und Vertretern von Verb\u00e4nden und B\u00fcrgerinitiativen soll \u00fcber die Herausforderungen vor Ort und m\u00f6gliche politische Antworten diskutiert werden. Mit dabei sind unter anderem Vertreterinnen und Vertreter des BUND sowie der Anti-Atom-Bewegung.<\/p>\n\n\n\n<p class=\"wp-block-paragraph\">Der Abend beginnt um 18:00 Uhr mit einem Soft Opening. Ab 18:30 Uhr startet die Veranstaltung. Von 18:30 bis 19:30 Uhr steht die Diskussion mit Atomkraftgegnerinnen und Atomkraftgegnern zur Brennelementefabrik in Lingen (ANF) im Mittelpunkt. Anschlie\u00dfend folgt von 19:30 bis 21:00 Uhr eine Podiumsdiskussion zu den Themen Energie, Klima, Moor und mehr.<\/p>\n\n\n\n<p class=\"wp-block-paragraph\">Dabei soll es insbesondere um die dr\u00e4ngenden Fragen im Emsland gehen: Welche Herausforderungen sehen Verb\u00e4nde und B\u00fcrgerinitiativen? Welche Handlungsm\u00f6glichkeiten gibt es auf Landesebene? Und wie k\u00f6nnen Energie-, Umwelt- und Klimaschutz vor Ort weiter vorangebracht werden?<\/p>\n\n\n\n<p class=\"wp-block-paragraph\">Die Gr\u00fcnen Emsland bitten um Anmeldung per E-Mail unter <a href=\"#\" data-unscramble=\"ed.dnalsme-eneurg@dnatsrov\" target=\"_blank\" rel=\"noopener\">vorstand@gruene-emsland.de<\/a>.<\/p>\n","protected":false},"excerpt":{"rendered":"<p>Gr\u00fcne Emsland laden am 7. September ins Kolpinghaus Meppen ein Die Gr\u00fcnen im Emsland laden am Montag, 7. September, zu einem politischen Abend mit dem nieders\u00e4chsischen Umweltminister Christian Meyer ins [&hellip;]<\/p>\n","protected":false},"author":-1,"featured_media":3154,"comment_status":"closed","ping_status":"open","sticky":false,"template":"","format":"standard","meta":{"footnotes":""},"categories":[3],"tags":[],"class_list":["post-3153","post","type-post","status-publish","format-standard","has-post-thumbnail","hentry","category-allgemein"],"_links":{"self":[{"href":"https:\/\/gruene-emsland-mitte.de\/index.php?rest_route=\/wp\/v2\/posts\/3153","targetHints":{"allow":["GET"]}}],"collection":[{"href":"https:\/\/gruene-emsland-mitte.de\/index.php?rest_route=\/wp\/v2\/posts"}],"about":[{"href":"https:\/\/gruene-emsland-mitte.de\/index.php?rest_route=\/wp\/v2\/types\/post"}],"author":[{"embeddable":true,"href":"https:\/\/gruene-emsland-mitte.de\/index.php?rest_route=\/wp\/v2\/users\/11"}],"replies":[{"embeddable":true,"href":"https:\/\/gruene-emsland-mitte.de\/index.php?rest_route=%2Fwp%2Fv2%2Fcomments&post=3153"}],"version-history":[{"count":2,"href":"https:\/\/gruene-emsland-mitte.de\/index.php?rest_route=\/wp\/v2\/posts\/3153\/revisions"}],"predecessor-version":[{"id":3156,"href":"https:\/\/gruene-emsland-mitte.de\/index.php?rest_route=\/wp\/v2\/posts\/3153\/revisions\/3156"}],"wp:featuredmedia":[{"embeddable":true,"href":"https:\/\/gruene-emsland-mitte.de\/index.php?rest_route=\/wp\/v2\/media\/3154"}],"wp:attachment":[{"href":"https:\/\/gruene-emsland-mitte.de\/index.php?rest_route=%2Fwp%2Fv2%2Fmedia&parent=3153"}],"wp:term":[{"taxonomy":"category","embeddable":true,"href":"https:\/\/gruene-emsland-mitte.de\/index.php?rest_route=%2Fwp%2Fv2%2Fcategories&post=3153"},{"taxonomy":"post_tag","embeddable":true,"href":"https:\/\/gruene-emsland-mitte.de\/index.php?rest_route=%2Fwp%2Fv2%2Ftags&post=3153"}],"curies":[{"name":"wp","href":"https:\/\/api.w.org\/{rel}","templated":true}]}}