{"id":322,"date":"2014-07-09T17:01:34","date_gmt":"2014-07-09T17:01:34","guid":{"rendered":"http:\/\/die-gruenen-meppen.de\/?p=322"},"modified":"2014-07-09T17:01:34","modified_gmt":"2014-07-09T17:01:34","slug":"grune-in-meppen-suchen-neue-mitglieder","status":"publish","type":"post","link":"https:\/\/gruene-emsland-mitte.de\/?p=322","title":{"rendered":"Gr\u00fcne in Meppen suchen neue Mitglieder"},"content":{"rendered":"<p>Meppen. Im Verlauf der j\u00fcngsten Sitzung des Ortsverbandes der B\u00fcndnisgr\u00fcnen in Meppen diskutierten die Mitglieder ihre kommunalpolitischen Schwerpunkte. An erster Stelle aber soll in naher Zukunft das Thema Mitgliederwerbung sein. Ziel ist es, noch in diesem Jahr die Anzahl der Mitglieder zu verdoppeln.  \u201cOffene Fraktion- und Ortsverbandssitzungen\u201d, Vortr\u00e4ge und Diskussionen sollen Kontakte zu Sympathisanten f\u00f6rdern. \u201cUnsere wenigen Mitglieder w\u00fcnschen sich mehr Mitstreiter\u201d, res\u00fcmiert Sprecher Carsten Keetz. Eine besondere Veranstaltung planen die Gr\u00fcnen f\u00fcr Samstag, den 16.August. Dann wird eine Naturgartenf\u00fchrung f\u00fcr Interessierte angeboten. Einen gro\u00dfen Stellenwert nahm in der Diskussion die im Zuge der Umgestaltung der Bahnhofsstra\u00dfe geplante F\u00e4llung der alten Linde vor der Bahnhofsapotheke ein. Die Mitglieder schlugen den gr\u00fcnen Ratsmitgliedern Carmen P\u00fcpke und Herbert L\u00fcgering vor, im Rat noch rechtzeitig einen Antrag auf Aufhebung des diesbez\u00fcglichen Ratsbeschlusses zu beantragen.<br \/>\nSind im Innenstadtbereich von Meppen nicht schon zu viele gesunde B\u00e4ume gef\u00e4llt worden? fragen sich die Gr\u00fcnen. Und: Die altehrw\u00fcrdige Linde sowie f\u00fcnf ebenfalls gef\u00e4hrdete Hochstamm-Ahorne geh\u00f6ren zum Stadtbild wie die benachbarte Gustav-Adolf-Kirche. L\u00e4rmschutz f\u00fcr Meppen nach neuen Forschungsergebnissen, R\u00fccksichtnahme auf Verkehrsteilnehmer und Anwohner bei Umleitungen, mehr und bessere Radwege in der Stadt: Auf der Sitzung wurden inhaltliche Weichen f\u00fcr die politische Arbeit gestellt. Nach der f\u00fcr die Gr\u00fcnen erfreulichen Wahl von Helmut Knurbein zum B\u00fcrgermeister erwarten die Mitglieder einen positiven Schub  f\u00fcr die Stadtentwicklung. Fraktion und Ortsverband freuen sich auf einen regelm\u00e4\u00dfigen Austausch mit \u201cdem Neuen\u201d zum Wohl der Stadt.<br \/>\nDass Helmut Knurbein Rad- und Fu\u00dfwegbr\u00fccken sowie die Stationswegbeleuchtung auf  seine Agenda gesetzt hat, bewertet man hoffnungsvoll. Weitere Problemfelder, denen man sich  widmen will, seien die schwierige Bel\u00fcftungssituation im WGM-Theatersaal sowie die Standortfrage des geplanten Jugendzentrums. Hier gibt es unterschiedliche Meinungen bei den Mitgliedern. Das Kosten-Nutzen-Verh\u00e4ltnis bei einem Neubau erscheint einigen als unverh\u00e4ltnism\u00e4\u00dfig, andere sehen einen neuen Bau als Wertsch\u00e4tzung f\u00fcr die Jugendarbeit an. <\/p>\n","protected":false},"excerpt":{"rendered":"<p>Meppen. Im Verlauf der j\u00fcngsten Sitzung des Ortsverbandes der B\u00fcndnisgr\u00fcnen in Meppen diskutierten die Mitglieder ihre kommunalpolitischen Schwerpunkte. An erster Stelle aber soll in naher Zukunft das Thema Mitgliederwerbung sein. [&hellip;]<\/p>\n","protected":false},"author":-1,"featured_media":0,"comment_status":"open","ping_status":"open","sticky":false,"template":"","format":"standard","meta":{"footnotes":""},"categories":[3],"tags":[],"class_list":["post-322","post","type-post","status-publish","format-standard","hentry","category-allgemein"],"_links":{"self":[{"href":"https:\/\/gruene-emsland-mitte.de\/index.php?rest_route=\/wp\/v2\/posts\/322","targetHints":{"allow":["GET"]}}],"collection":[{"href":"https:\/\/gruene-emsland-mitte.de\/index.php?rest_route=\/wp\/v2\/posts"}],"about":[{"href":"https:\/\/gruene-emsland-mitte.de\/index.php?rest_route=\/wp\/v2\/types\/post"}],"author":[{"embeddable":true,"href":"https:\/\/gruene-emsland-mitte.de\/index.php?rest_route=\/wp\/v2\/users\/2"}],"replies":[{"embeddable":true,"href":"https:\/\/gruene-emsland-mitte.de\/index.php?rest_route=%2Fwp%2Fv2%2Fcomments&post=322"}],"version-history":[{"count":1,"href":"https:\/\/gruene-emsland-mitte.de\/index.php?rest_route=\/wp\/v2\/posts\/322\/revisions"}],"predecessor-version":[{"id":323,"href":"https:\/\/gruene-emsland-mitte.de\/index.php?rest_route=\/wp\/v2\/posts\/322\/revisions\/323"}],"wp:attachment":[{"href":"https:\/\/gruene-emsland-mitte.de\/index.php?rest_route=%2Fwp%2Fv2%2Fmedia&parent=322"}],"wp:term":[{"taxonomy":"category","embeddable":true,"href":"https:\/\/gruene-emsland-mitte.de\/index.php?rest_route=%2Fwp%2Fv2%2Fcategories&post=322"},{"taxonomy":"post_tag","embeddable":true,"href":"https:\/\/gruene-emsland-mitte.de\/index.php?rest_route=%2Fwp%2Fv2%2Ftags&post=322"}],"curies":[{"name":"wp","href":"https:\/\/api.w.org\/{rel}","templated":true}]}}