{"id":348,"date":"2015-01-28T20:12:30","date_gmt":"2015-01-28T20:12:30","guid":{"rendered":"http:\/\/die-gruenen-meppen.de\/?p=348"},"modified":"2015-01-28T20:13:23","modified_gmt":"2015-01-28T20:13:23","slug":"kritik-an-fahrradwegen-des-landkreises","status":"publish","type":"post","link":"https:\/\/gruene-emsland-mitte.de\/?p=348","title":{"rendered":"Kritik  an Fahrradwegen des Landkreises"},"content":{"rendered":"<p>Meppen. Die Situation der Fahrradfahrer wird zunehmend unertr\u00e4glich: die l\u00e4rmenden Kreisstra\u00dfen, die sich durch Meppens Stadtgebiet schl\u00e4ngeln, gehen insbesondere den radfahrenden B\u00fcrgern auf den Nerv. So auch der Fahrradweg der Kreisstra\u00dfe 243 in Meppen vom Kreisel am Helter Damm in Richtung Innenstadt bis zum Kreisel am Hasebrink.<br \/>\nDurch mehrere Bauma\u00dfnahmen ist der Fahrradweg in Richtung Innenstadt sehr stark besch\u00e4digt. Trotz gegenteiliger Ank\u00fcndigungen seitens des Kreisbauamtes ist fast nicht geschehen, so der Kreistagsabgeordnete der Gr\u00fcnen, C. Keetz in einer Pressemitteilung.<br \/>\nDie Ausbesserungen der tiefen Schlagl\u00f6cher und Furchen wollte der Landkreis schon im vergangenen Jahr mit eigenen Mitarbeitern ausbessern. Bisher ist fast nichts geschehen. T\u00e4glich befahren mehrere hundert Fahrradfahrer diesen Weg in die Stadt, der nicht nur sehr besch\u00e4digt ist sondern auch eng ist und direkt an der Fahrbahn liegt.<br \/>\nGef\u00e4hrlich sei dieser Fahrradweg besonders an der \u00dcberf\u00fchrung des alten Seitenkanals in H\u00f6he des Jugendg\u00e4stehauses. \u201eHier sollte man \u2013 auch in Anbetracht der dort sporttreibenden Jugend vielleicht mal \u00fcber eine Geschwindigkeitsbeschr\u00e4nkung nachdenken\u201c, so Martin Tecklenburg vom Gr\u00fcnen Ortsverband. Leichtathletikverband und Leitung des Jugendg\u00e4stehauses k\u00f6nnten gern einmal hierzu befragt werden. .<\/p>\n","protected":false},"excerpt":{"rendered":"<p>Meppen. Die Situation der Fahrradfahrer wird zunehmend unertr\u00e4glich: die l\u00e4rmenden Kreisstra\u00dfen, die sich durch Meppens Stadtgebiet schl\u00e4ngeln, gehen insbesondere den radfahrenden B\u00fcrgern auf den Nerv. So auch der Fahrradweg der [&hellip;]<\/p>\n","protected":false},"author":-1,"featured_media":0,"comment_status":"open","ping_status":"open","sticky":false,"template":"","format":"standard","meta":{"footnotes":""},"categories":[3],"tags":[],"class_list":["post-348","post","type-post","status-publish","format-standard","hentry","category-allgemein"],"_links":{"self":[{"href":"https:\/\/gruene-emsland-mitte.de\/index.php?rest_route=\/wp\/v2\/posts\/348","targetHints":{"allow":["GET"]}}],"collection":[{"href":"https:\/\/gruene-emsland-mitte.de\/index.php?rest_route=\/wp\/v2\/posts"}],"about":[{"href":"https:\/\/gruene-emsland-mitte.de\/index.php?rest_route=\/wp\/v2\/types\/post"}],"author":[{"embeddable":true,"href":"https:\/\/gruene-emsland-mitte.de\/index.php?rest_route=\/wp\/v2\/users\/2"}],"replies":[{"embeddable":true,"href":"https:\/\/gruene-emsland-mitte.de\/index.php?rest_route=%2Fwp%2Fv2%2Fcomments&post=348"}],"version-history":[{"count":3,"href":"https:\/\/gruene-emsland-mitte.de\/index.php?rest_route=\/wp\/v2\/posts\/348\/revisions"}],"predecessor-version":[{"id":353,"href":"https:\/\/gruene-emsland-mitte.de\/index.php?rest_route=\/wp\/v2\/posts\/348\/revisions\/353"}],"wp:attachment":[{"href":"https:\/\/gruene-emsland-mitte.de\/index.php?rest_route=%2Fwp%2Fv2%2Fmedia&parent=348"}],"wp:term":[{"taxonomy":"category","embeddable":true,"href":"https:\/\/gruene-emsland-mitte.de\/index.php?rest_route=%2Fwp%2Fv2%2Fcategories&post=348"},{"taxonomy":"post_tag","embeddable":true,"href":"https:\/\/gruene-emsland-mitte.de\/index.php?rest_route=%2Fwp%2Fv2%2Ftags&post=348"}],"curies":[{"name":"wp","href":"https:\/\/api.w.org\/{rel}","templated":true}]}}