{"id":350,"date":"2015-02-23T22:54:22","date_gmt":"2015-02-23T22:54:22","guid":{"rendered":"http:\/\/die-gruenen-meppen.de\/?p=350"},"modified":"2015-02-25T21:32:49","modified_gmt":"2015-02-25T21:32:49","slug":"wir-trauern-um-dr-maria-feige-osmers","status":"publish","type":"post","link":"https:\/\/gruene-emsland-mitte.de\/?p=350","title":{"rendered":"Trauer um Dr. Maria Feige-Osmers"},"content":{"rendered":"<p>Wir sind sehr traurig, dass unsere engagierte Mitstreiterin Maria Feige-Osmers am 10. Februar \u00a02015 viel zu fr\u00fch verstorben ist. Maria hat sich 15 Jahre lang unerm\u00fcdlich und hoch kompetent viele Jahre mit ihrer \u00fcberzeugenden Art in Stadtrat und Kreistag f\u00fcr \u00a0Natur, \u00a0Umwelt und die Menschen im Emsland eingesetzt.<\/p>\n<p>Lange Jahre machte sich Maria &#8211; \u00a0auch im Namen des BUND und der Gr\u00fcnen Partei &#8211; f\u00fcr gelebte Demokratie im Emsland und dar\u00fcber hinaus einen Namen.<\/p>\n<p>Danke Maria !<\/p>\n<p>Wir werden Dein Andenken immer \u00a0in Ehren halten.<\/p>\n<p><a href=\"https:\/\/gruene-emsland-mitte.de\/wp-content\/uploads\/2015\/02\/image1.png\"><img loading=\"lazy\" decoding=\"async\" class=\"aligncenter size-medium wp-image-361\" src=\"https:\/\/gruene-emsland-mitte.de\/wp-content\/uploads\/2015\/02\/image1-300x139.png\" alt=\"\" width=\"300\" height=\"139\" srcset=\"https:\/\/gruene-emsland-mitte.de\/wp-content\/uploads\/2015\/02\/image1-300x139.png 300w, https:\/\/gruene-emsland-mitte.de\/wp-content\/uploads\/2015\/02\/image1.png 800w\" sizes=\"auto, (max-width: 300px) 100vw, 300px\" \/><\/a><\/p>\n","protected":false},"excerpt":{"rendered":"<p>Wir sind sehr traurig, dass unsere engagierte Mitstreiterin Maria Feige-Osmers am 10. Februar \u00a02015 viel zu fr\u00fch verstorben ist. Maria hat sich 15 Jahre lang unerm\u00fcdlich und hoch kompetent viele [&hellip;]<\/p>\n","protected":false},"author":-1,"featured_media":0,"comment_status":"open","ping_status":"open","sticky":false,"template":"","format":"standard","meta":{"footnotes":""},"categories":[3],"tags":[],"class_list":["post-350","post","type-post","status-publish","format-standard","hentry","category-allgemein"],"_links":{"self":[{"href":"https:\/\/gruene-emsland-mitte.de\/index.php?rest_route=\/wp\/v2\/posts\/350","targetHints":{"allow":["GET"]}}],"collection":[{"href":"https:\/\/gruene-emsland-mitte.de\/index.php?rest_route=\/wp\/v2\/posts"}],"about":[{"href":"https:\/\/gruene-emsland-mitte.de\/index.php?rest_route=\/wp\/v2\/types\/post"}],"author":[{"embeddable":true,"href":"https:\/\/gruene-emsland-mitte.de\/index.php?rest_route=\/wp\/v2\/users\/2"}],"replies":[{"embeddable":true,"href":"https:\/\/gruene-emsland-mitte.de\/index.php?rest_route=%2Fwp%2Fv2%2Fcomments&post=350"}],"version-history":[{"count":8,"href":"https:\/\/gruene-emsland-mitte.de\/index.php?rest_route=\/wp\/v2\/posts\/350\/revisions"}],"predecessor-version":[{"id":368,"href":"https:\/\/gruene-emsland-mitte.de\/index.php?rest_route=\/wp\/v2\/posts\/350\/revisions\/368"}],"wp:attachment":[{"href":"https:\/\/gruene-emsland-mitte.de\/index.php?rest_route=%2Fwp%2Fv2%2Fmedia&parent=350"}],"wp:term":[{"taxonomy":"category","embeddable":true,"href":"https:\/\/gruene-emsland-mitte.de\/index.php?rest_route=%2Fwp%2Fv2%2Fcategories&post=350"},{"taxonomy":"post_tag","embeddable":true,"href":"https:\/\/gruene-emsland-mitte.de\/index.php?rest_route=%2Fwp%2Fv2%2Ftags&post=350"}],"curies":[{"name":"wp","href":"https:\/\/api.w.org\/{rel}","templated":true}]}}