{"id":355,"date":"2015-02-25T12:00:50","date_gmt":"2015-02-25T12:00:50","guid":{"rendered":"http:\/\/die-gruenen-meppen.de\/?p=355"},"modified":"2015-02-25T12:03:51","modified_gmt":"2015-02-25T12:03:51","slug":"w-lonings-kampf-gegen-kaghlaschlag","status":"publish","type":"post","link":"https:\/\/gruene-emsland-mitte.de\/?p=355","title":{"rendered":"Kampf gegen Kahlschlag"},"content":{"rendered":"<p>Betreff: Verj\u00fcngung des Ufergeh\u00f6lzes an der Hase unterhalb Bokeloh<br \/>\nSehr geehrter Herr G.,<br \/>\nzun\u00e4chst einmal danke ich Ihnen f\u00fcr die schnelle Antwort. Das ist nicht besonders \u00fcblich. Ich bin gew\u00f6hnt, dass meine Briefpartner im \u00f6ffentlichen Dienst versuchen, eine m\u00f6gliche Antwort auszusitzen. Das ist bei Ihnen nicht der Fall. Hochachtung!<br \/>\nIch muss aber an meiner Kritik an Ihrer Methode der Verj\u00fcngung des Ufergeh\u00f6lzes festhalten:<br \/>\n1.<br \/>\nWenn Sie die B\u00e4ume und Str\u00e4ucher nicht auf einer Strecke von 200m auf einmal auf den Stock setzten, sondern j\u00e4hrlich nur 10m, dann kann der Eindruck vom Kahlschlag gar nicht erst entstehen.<br \/>\nWenn Sie diese 10m j\u00e4hrlich an entfernten Stellen schnitten, jedes Jahr wo anders, dann ist der Wunsch nach Verj\u00fcngung des Ufergeh\u00f6lzes in 10 Jahren \u00fcber 100m realisiert.<br \/>\n2.<br \/>\nBeim Schnitt sollten Sie auch unterscheiden zwischen B\u00e4umen und Str\u00e4uchern: B\u00fcsche kippen gew\u00f6hnlich nicht ins Wasser, sondern wegen des hochliegenden Schwerpunktes weitgehend nur B\u00e4ume. Sie sollten nur schneiden, was sturzgef\u00e4hrdet ist, was also den Wasserabfluss hindern k\u00f6nnte. Also wieder nur selektives &#8222;auf den Stock setzen&#8220; statt fl\u00e4chenm\u00e4\u00dfiges oder streckenm\u00e4\u00dfiges.<br \/>\n3.<br \/>\nSo &#8211; wie oben beschrieben &#8211; ein sensibles Umgehen mit dem Uferbewuchs macht den Einsatz schweren Ger\u00e4ts wie eines kettengef\u00fchrten Baggers \u00fcberfl\u00fcssig. Es reicht eine S\u00e4ge, vielleicht Kettens\u00e4ge, und ein leichtes Fahrzeug. Wenn man den Schnittabfall gleich klein schnitte, k\u00f6nnte man ihn auch zum Verrotten zwischen den erhaltenen B\u00fcschen liegen lassen.<br \/>\n4.<br \/>\nIn wie fern der relativ sp\u00e4te Baum- und Buschschnitt das in diesen Pflanzen beheimatetes Getier gest\u00f6rt hat, wei\u00df ich als diesbez\u00fcglicher Laie nicht. Aber ich f\u00e4nde es gut, wenn Sie demn\u00e4chst die zum &#8222;auf den Stock setzen&#8220; vorgesehenen Strecken zun\u00e4chst mit einem Mitglied des Naturschutzbundes abgingen und mit ihm Umfang und Zeitpunkt Ihrer Ma\u00dfnahme abstimmten.<br \/>\n5.<br \/>\nDer aktuelle Baggereinsatz hat den Bodenbewuchs von Gras und Kr\u00e4utern zerst\u00f6rt. Der Weg, ein touristisch wichtiger Weg, ist \u00fcber eine nennenswerte Strecke f\u00fcr Fahrr\u00e4der nicht mehr befahrbar. Sie m\u00fcssen nun dar\u00fcber nachdenken, wie Sie den Schaden wieder beheben, den Sie hier angerichtet haben, sp\u00e4testens bis Ostern.<br \/>\nH\u00e4tten Sie ein leichtes Fahrzeug oder gar ein Pferd eingesetzt, w\u00e4re diese Zerst\u00f6rung nicht passiert. Sie h\u00e4tten Kosten gespart und die Uferlandschaft geschont.<\/p>\n<p>Diese 5 Punkte fassen zusammen, was mir zu Ihrer Arbeit am Haseufer einf\u00e4llt. Ich weise zur\u00fcck, dass es sich dabei um meinen privaten Geschmack handelt, wie Sie andeuten.<\/p>\n<p>Mit freundlichem Gru\u00df \u00a0 \u00a0 \u00a0 \u00a0 \u00a0 \u00a0 \u00a0 \u00a0 \u00a0 \u00a0 \u00a0 \u00a0 \u00a0 \u00a0 \u00a0 \u00a0 \u00a0 \u00a0 \u00a0 \u00a0 \u00a0 \u00a0 \u00a0 Wolfgang L\u00f6ning, Meppen<\/p>\n","protected":false},"excerpt":{"rendered":"<p>Betreff: Verj\u00fcngung des Ufergeh\u00f6lzes an der Hase unterhalb Bokeloh Sehr geehrter Herr G., zun\u00e4chst einmal danke ich Ihnen f\u00fcr die schnelle Antwort. Das ist nicht besonders \u00fcblich. Ich bin gew\u00f6hnt, [&hellip;]<\/p>\n","protected":false},"author":-1,"featured_media":0,"comment_status":"open","ping_status":"open","sticky":false,"template":"","format":"standard","meta":{"footnotes":""},"categories":[3],"tags":[],"class_list":["post-355","post","type-post","status-publish","format-standard","hentry","category-allgemein"],"_links":{"self":[{"href":"https:\/\/gruene-emsland-mitte.de\/index.php?rest_route=\/wp\/v2\/posts\/355","targetHints":{"allow":["GET"]}}],"collection":[{"href":"https:\/\/gruene-emsland-mitte.de\/index.php?rest_route=\/wp\/v2\/posts"}],"about":[{"href":"https:\/\/gruene-emsland-mitte.de\/index.php?rest_route=\/wp\/v2\/types\/post"}],"author":[{"embeddable":true,"href":"https:\/\/gruene-emsland-mitte.de\/index.php?rest_route=\/wp\/v2\/users\/2"}],"replies":[{"embeddable":true,"href":"https:\/\/gruene-emsland-mitte.de\/index.php?rest_route=%2Fwp%2Fv2%2Fcomments&post=355"}],"version-history":[{"count":3,"href":"https:\/\/gruene-emsland-mitte.de\/index.php?rest_route=\/wp\/v2\/posts\/355\/revisions"}],"predecessor-version":[{"id":366,"href":"https:\/\/gruene-emsland-mitte.de\/index.php?rest_route=\/wp\/v2\/posts\/355\/revisions\/366"}],"wp:attachment":[{"href":"https:\/\/gruene-emsland-mitte.de\/index.php?rest_route=%2Fwp%2Fv2%2Fmedia&parent=355"}],"wp:term":[{"taxonomy":"category","embeddable":true,"href":"https:\/\/gruene-emsland-mitte.de\/index.php?rest_route=%2Fwp%2Fv2%2Fcategories&post=355"},{"taxonomy":"post_tag","embeddable":true,"href":"https:\/\/gruene-emsland-mitte.de\/index.php?rest_route=%2Fwp%2Fv2%2Ftags&post=355"}],"curies":[{"name":"wp","href":"https:\/\/api.w.org\/{rel}","templated":true}]}}