{"id":369,"date":"2015-04-13T09:06:32","date_gmt":"2015-04-13T09:06:32","guid":{"rendered":"http:\/\/die-gruenen-meppen.de\/?p=369"},"modified":"2015-04-13T09:06:32","modified_gmt":"2015-04-13T09:06:32","slug":"bei-akw-unfall-%e2%80%9ezonen-werden-ausgeweitet%e2%80%9c","status":"publish","type":"post","link":"https:\/\/gruene-emsland-mitte.de\/?p=369","title":{"rendered":"Bei  AKW-Unfall: \u201eZonen werden ausgeweitet\u201c"},"content":{"rendered":"<p>&#8222;Was w\u00e4re, wenn ein Attent\u00e4ter ein Flugzeug \u00fcber dem Atomkraftwerk in Lingen zum Absturz bringt&#8220;, fragt Ralph Griesinger. Der Kreisvorstandssprecher forderte anl\u00e4sslich eines Fachgespr\u00e4ches zum Katastrophenschutz die sofortige Abschaltung des AKW, da es keinerlei Vorkehrung f\u00fcr ein solches Szenario gebe. Der weitere Betrieb bis Ende 2022 w\u00fcrde ein permanentes Risiko bedeuten.<\/p>\n<p><a href=\"https:\/\/gruene-emsland-mitte.de\/wp-content\/uploads\/2015\/04\/Katastrophenschutz.jpg\"><img loading=\"lazy\" decoding=\"async\" class=\"aligncenter size-medium wp-image-370\" title=\"Katastrophenschutz\" src=\"https:\/\/gruene-emsland-mitte.de\/wp-content\/uploads\/2015\/04\/Katastrophenschutz-300x225.jpg\" alt=\"\" width=\"300\" height=\"225\" srcset=\"https:\/\/gruene-emsland-mitte.de\/wp-content\/uploads\/2015\/04\/Katastrophenschutz-300x225.jpg 300w, https:\/\/gruene-emsland-mitte.de\/wp-content\/uploads\/2015\/04\/Katastrophenschutz.jpg 1024w\" sizes=\"auto, (max-width: 300px) 100vw, 300px\" \/><\/a>Der Landkreis Osnabr\u00fcck habe das nieders\u00e4chsische Innenministerium im Februar angefragt, wie die Detailplanungen beim Katastrophenschutz in den Kommunen zuk\u00fcnftig zu gestalten seien, berichtete die Kreistagsabgeordnete Felicitas Exner. Nach dem noch g\u00fcltigen Plan seien 8.290 Evakuierte im Landkreis Osnabr\u00fcck aufzunehmen:<\/p>\n<p>Nach den Erfahrungen von Fukushima sei die Versch\u00e4rfung der Bestimmungen des Katastrophenschutzes in Vorbereitung, berichtete die Landesvorsitzende und innenpolitische Sprecherin der Landtagsfraktion, Meta Jannsen-Kucz. Kern sei die Ausweitung drei Betroffenheitszonen, die \u00c4nderungen f\u00fcr die Aufnahme von Evakuierten und die Verteilung von Jodtabletten zur Folge haben werde. Absehbar sei die Verlagerung des Krisenmanagements von den Kreisen nach Hannover. Ziel der Gr\u00fcnen sei eine deutlich bessere Information der \u00d6ffentlichkeit. Der Entwurf des Gesetzes sei vor der Sommerpause zu erwarten. Danach werde es Anh\u00f6rungen der Verb\u00e4nde und der \u00d6ffentlichkeit geben. Das Inkrafttreten sei f\u00fcr Mitte 2016 geplant.<\/p>\n<p>Die Koordinierung des Katastrophenschutzes m\u00fcsse verbessert werden, stellte der zust\u00e4ndige Dezernent des Kreises Emsland, Marc-Andr\u00e9 Burgdorf, fest. So habe er von einer \u00dcbung erst aus der TAZ erfahren. Die \u00dcbung habe Probleme bei der Durchf\u00fchrung der Telefonkonferenzen sowie der Unterscheidung zwischen Empfehlungen und Anordnungen offen gelegt. Der Kreis Emsland kooperiere bereits mit den benachbarten Verwaltungen in den Niederlanden.<\/p>\n<p>Der F\u00fcrstenauer Samtgemeindeb\u00fcrgermeister Benno Tr\u00fctken bekr\u00e4ftigte, schon das Bahnungl\u00fcck von Eschede mit 4.000 Helfern habe die Probleme beim Katastrophenschutz verdeutlicht. Die Samtgemeinde sei auch beim Einsatz der Feuerwehren gefragt. Verstopfte Bundesstra\u00dfen bef\u00fcrchtete die F\u00fcrstenauer Gr\u00fcnen-Sprecherin Claudia Funke. Ungekl\u00e4rt sei, was aus den Tieren in den vielen gro\u00dfen St\u00e4llen werde. Zu kl\u00e4ren sei au\u00dferdem, was mit Industrie- und Gewerbebetrieben geschehe.<\/p>\n<p>Wie die Verteilung der Jodtabletten gel\u00f6st werde, insbesondere bei einer deutlichen Vergr\u00f6\u00dferung der Betroffenheitszone, fragte der Abgeordnete aus dem Kreis Emsland, Carsten Keetz. Er kritisierte weiter die bisherigen bundes-, landes und \u2013kommunalpolitischen Katastrophenspl\u00e4ne, in ihnen werde ein handlungsf\u00e4higer Staat nur vorgegaukelt.In Wahrheit zeige allein der ungekl\u00e4rte langfristige Umgang mit den kontaminierten Bodenmengen sowie der ungekl\u00e4rten Wasserversorgung das Ausma\u00df der Probleme.<\/p>\n<p>Der Fraktionsvorsitzende Michael Fuest wies darauf hin, dass nach der Abschaltung des AKW der Katastrophenschutz sich weiter um die Lagerung des Atomm\u00fclls, den Abbau der verstrahlten Bauteile sowie die Aufbereitungsanlage ANF in Lingen und die Urananreicherung in Gronau k\u00fcmmern m\u00fcsse.\u201c<\/p>\n","protected":false},"excerpt":{"rendered":"<p>&#8222;Was w\u00e4re, wenn ein Attent\u00e4ter ein Flugzeug \u00fcber dem Atomkraftwerk in Lingen zum Absturz bringt&#8220;, fragt Ralph Griesinger. Der Kreisvorstandssprecher forderte anl\u00e4sslich eines Fachgespr\u00e4ches zum Katastrophenschutz die sofortige Abschaltung des [&hellip;]<\/p>\n","protected":false},"author":-1,"featured_media":0,"comment_status":"open","ping_status":"open","sticky":false,"template":"","format":"standard","meta":{"footnotes":""},"categories":[3],"tags":[],"class_list":["post-369","post","type-post","status-publish","format-standard","hentry","category-allgemein"],"_links":{"self":[{"href":"https:\/\/gruene-emsland-mitte.de\/index.php?rest_route=\/wp\/v2\/posts\/369","targetHints":{"allow":["GET"]}}],"collection":[{"href":"https:\/\/gruene-emsland-mitte.de\/index.php?rest_route=\/wp\/v2\/posts"}],"about":[{"href":"https:\/\/gruene-emsland-mitte.de\/index.php?rest_route=\/wp\/v2\/types\/post"}],"author":[{"embeddable":true,"href":"https:\/\/gruene-emsland-mitte.de\/index.php?rest_route=\/wp\/v2\/users\/1"}],"replies":[{"embeddable":true,"href":"https:\/\/gruene-emsland-mitte.de\/index.php?rest_route=%2Fwp%2Fv2%2Fcomments&post=369"}],"version-history":[{"count":1,"href":"https:\/\/gruene-emsland-mitte.de\/index.php?rest_route=\/wp\/v2\/posts\/369\/revisions"}],"predecessor-version":[{"id":371,"href":"https:\/\/gruene-emsland-mitte.de\/index.php?rest_route=\/wp\/v2\/posts\/369\/revisions\/371"}],"wp:attachment":[{"href":"https:\/\/gruene-emsland-mitte.de\/index.php?rest_route=%2Fwp%2Fv2%2Fmedia&parent=369"}],"wp:term":[{"taxonomy":"category","embeddable":true,"href":"https:\/\/gruene-emsland-mitte.de\/index.php?rest_route=%2Fwp%2Fv2%2Fcategories&post=369"},{"taxonomy":"post_tag","embeddable":true,"href":"https:\/\/gruene-emsland-mitte.de\/index.php?rest_route=%2Fwp%2Fv2%2Ftags&post=369"}],"curies":[{"name":"wp","href":"https:\/\/api.w.org\/{rel}","templated":true}]}}