{"id":372,"date":"2015-04-28T22:00:19","date_gmt":"2015-04-28T22:00:19","guid":{"rendered":"http:\/\/die-gruenen-meppen.de\/?p=372"},"modified":"2015-04-28T22:03:29","modified_gmt":"2015-04-28T22:03:29","slug":"sehr-geehrter-herr-landrat","status":"publish","type":"post","link":"https:\/\/gruene-emsland-mitte.de\/?p=372","title":{"rendered":"Sehr geehrter Herr Landrat  !"},"content":{"rendered":"<p>Die folgende Anfrage wurde jetzt von den Kreisgr\u00fcnenim Kreistag gestellt. Wir informieren bald \u00fcber die Beantwortung !<\/p>\n<p>Die Innenministerkonferenz hatte im Dezember 2014 beschlossen, den Notfallschutz f\u00fcr Atomunf\u00e4lle zu \u00e4ndern. Das nieders\u00e4chsische Innenministerium arbeitet derzeit an einer Aktualisierung des Erlasses zur Umsetzung der Rahmenempfehlung f\u00fcr den Katastrophenschutz in der Umgebung kerntechnischer Anlagen. Derzeit befindet sich eine Novelle des nieders\u00e4chsischen Katastrophenschutzes in der Abstimmung und soll noch vor der Sommerpause im Landtag beraten werden.<br \/>\nDa Krisenmanagement im nuklearen Katastrophenfall wird k\u00fcnftig auf der Landesebene an gesiedelt.<\/p>\n<p>Derzeit ist es jedoch noch so, dass die der Landkreis zust\u00e4ndig ist, in dem der St\u00f6rfall auftritt. Vor diesem Hintergrund m\u00f6chte ich von der Verwaltung den aktuellen Sachstand bez\u00fcglich der Schutzma\u00dfnahmen f\u00fcr die Bev\u00f6lkerung im Landkreis Emsland erfragen.<\/p>\n<p>Ich bedanke mich f\u00fcr die Bearbeitung. Carsten Keetz<\/p>\n","protected":false},"excerpt":{"rendered":"<p>Die folgende Anfrage wurde jetzt von den Kreisgr\u00fcnenim Kreistag gestellt. Wir informieren bald \u00fcber die Beantwortung ! Die Innenministerkonferenz hatte im Dezember 2014 beschlossen, den Notfallschutz f\u00fcr Atomunf\u00e4lle zu \u00e4ndern. [&hellip;]<\/p>\n","protected":false},"author":-1,"featured_media":0,"comment_status":"open","ping_status":"open","sticky":false,"template":"","format":"standard","meta":{"footnotes":""},"categories":[3],"tags":[],"class_list":["post-372","post","type-post","status-publish","format-standard","hentry","category-allgemein"],"_links":{"self":[{"href":"https:\/\/gruene-emsland-mitte.de\/index.php?rest_route=\/wp\/v2\/posts\/372","targetHints":{"allow":["GET"]}}],"collection":[{"href":"https:\/\/gruene-emsland-mitte.de\/index.php?rest_route=\/wp\/v2\/posts"}],"about":[{"href":"https:\/\/gruene-emsland-mitte.de\/index.php?rest_route=\/wp\/v2\/types\/post"}],"author":[{"embeddable":true,"href":"https:\/\/gruene-emsland-mitte.de\/index.php?rest_route=\/wp\/v2\/users\/2"}],"replies":[{"embeddable":true,"href":"https:\/\/gruene-emsland-mitte.de\/index.php?rest_route=%2Fwp%2Fv2%2Fcomments&post=372"}],"version-history":[{"count":3,"href":"https:\/\/gruene-emsland-mitte.de\/index.php?rest_route=\/wp\/v2\/posts\/372\/revisions"}],"predecessor-version":[{"id":375,"href":"https:\/\/gruene-emsland-mitte.de\/index.php?rest_route=\/wp\/v2\/posts\/372\/revisions\/375"}],"wp:attachment":[{"href":"https:\/\/gruene-emsland-mitte.de\/index.php?rest_route=%2Fwp%2Fv2%2Fmedia&parent=372"}],"wp:term":[{"taxonomy":"category","embeddable":true,"href":"https:\/\/gruene-emsland-mitte.de\/index.php?rest_route=%2Fwp%2Fv2%2Fcategories&post=372"},{"taxonomy":"post_tag","embeddable":true,"href":"https:\/\/gruene-emsland-mitte.de\/index.php?rest_route=%2Fwp%2Fv2%2Ftags&post=372"}],"curies":[{"name":"wp","href":"https:\/\/api.w.org\/{rel}","templated":true}]}}