{"id":374,"date":"2015-05-17T16:27:03","date_gmt":"2015-05-17T16:27:03","guid":{"rendered":"http:\/\/die-gruenen-meppen.de\/?p=374"},"modified":"2015-05-17T16:38:56","modified_gmt":"2015-05-17T16:38:56","slug":"374","status":"publish","type":"post","link":"https:\/\/gruene-emsland-mitte.de\/?p=374","title":{"rendered":"Hotelausbau: Sorgen bei Anwohnern"},"content":{"rendered":"<p>Meine Frau und ich mussten aus der Zeitung vom Mittwoch den<br \/>\n&gt; 06. Mai 2015 erfahren, dass der Hotelbetrieb, gegen\u00fcber unseres<br \/>\n&gt; Grundst\u00fcckes in der Lilienstra\u00dfe 26 \u00a0erweitert werden soll und der<br \/>\n&gt; Bauausschuss der Stadt Meppen bereits im Oktober letzten Jahres vom<br \/>\n&gt; 23.10.2014 Aufstellung der 2. \u00c4nderung zum Bebauungsplan Nr. 33<br \/>\n&gt; Baugebiet &#8220; Lilienstra\u00dfe &#8222;, \u00a0die \u00c4nderung beschlossen hatte und jetzt<br \/>\n&gt; den Bau auf den Weg gebracht hat. Leider hat weder der Betreiber,<br \/>\n&gt; noch die Stadt uns im Vorfeld informiert, um unsere Bedenken<br \/>\n&gt; hinsichtlich der jetzt schon und zu erwartenden Verkehrsproblematik<br \/>\n&gt; anzuh\u00f6ren.Auch die in der Sitzung des Planungs- und Bauausschusses vom Oktober<br \/>\n&gt; 2014 getroffene Aussage,\u00a0Zitat: \u00a0&#8230;\u00a0&#8220; Die vor Jahren aufgetretenen Nachbarbeschwerden sind nicht mehr<br \/>\n&gt; akut. Die Betreiber des Parkhotels\u00a0haben durch verschiedene Ma\u00dfnahmen und Gespr\u00e4che mit den Anrainern zu<br \/>\n&gt; einer Befriedung\u00a0beigetragen. Die nunmehr geplante Aufgabe des Saalbetriebes ist eine<br \/>\n&gt; weitere Ma\u00dfnahme,\u00a0die den Anrainern l\u00e4rmbezogen entgegenkommt, da insbesondere die<br \/>\n&gt; Saalnutzung in den vergangenen\u00a0\u00a0Jahren zu vielen Beschwerden Anlass gab &#8222;..<br \/>\n&gt;\u00a0ist so nicht zutreffend. Hier wurden nur die Anrainer des Fresienweges<br \/>\n&gt; ( Angrenzung der G\u00e4rten an das Hotelgrundst\u00fcck ) mit der Sperrung der<br \/>\n&gt; Zufahrt Berghamsweg entlastet und die Lilienstra\u00dfe belastet. Das<br \/>\n&gt; bedeutet das s\u00e4mtlicher Verkehr, auch f\u00fcr die im hinteren Teil des<br \/>\n&gt; Grundst\u00fccks Parkhotel befindlichen Bungalows ( dort wo der Neubau<br \/>\n&gt; geplant ist ), \u00fcber die Lilienstra\u00dfe abgewickelt wird. Durch den zum<br \/>\n&gt; Teil enormen Besucherstrom und die daraus resultierende<br \/>\n&gt; Parkproblematik, haben wir die Familie Hackmann in zahlreichen<br \/>\n&gt; Gespr\u00e4chen hingewiesen. Da wir uns als gute Nachbarn verstanden haben,<br \/>\n&gt; sind wir nicht auf die Idee gekommen die Beh\u00f6rden zu informieren.<br \/>\n&gt; Meiner Einsch\u00e4tzung nach zu urteilen, wird u n s das jetzt zum<br \/>\n&gt; Nachteil &#8211; als d i r e k t e Anwohner.\u00a0Um &#8230; der \u00d6ffentlichkeit \u00a0&#8230; einen kleinen Einblick in die jetzige Situation zu<br \/>\n&gt; verschaffen m\u00f6chte ich die Problematik an dieser Stelle gern etwas<br \/>\n&gt; umrei\u00dfen:<\/p>\n<p>Neben PKW die auf den Gehwegen geparkt werden ( *Befriedungen wurden<br \/>\n&gt; durch den Baubetriebshof der Stadt Meppen entfernt und dieses<br \/>\n&gt; erm\u00f6glicht* ), sind es auch immer \u00f6fter Busse und LKW\u00b4s. Diese<br \/>\n&gt; schweren Fahrzeuge zerst\u00f6ren die Gehwegplatten und lassen diese<br \/>\n&gt; absacken. Sollte es dann zu einer Sanierung der Stra\u00dfe und des<br \/>\n&gt; Gehweges kommen werde ich als Anrainer zur Kasse gebeten.<br \/>\n&gt;&gt; Auch \u00f6fter wird die Nacht durch geparkte LKW und Busse beendet die in<br \/>\n&gt; den fr\u00fchen Morgenstunden die Motoren laufen lassen um im Winter zu<br \/>\n&gt; heizen und im Sommer zu k\u00fchlen. Diese Prozedur verl\u00e4uft meist 20 bis<br \/>\n&gt; 30 Minuten, bevor die Gro\u00dffahrzeuge mit gro\u00dfem L\u00e4rm abrauschen.<br \/>\n&gt; Da wir ein Wohngebiet sind, zudem in einer Tempo 30 Zone wohnen, ist<br \/>\n&gt; dieses laut StVO nicht statthaft. Da wir keinen Streit mit den<br \/>\n&gt; Nachbarn haben m\u00f6chten, haben wir wie schon erw\u00e4hnt, dieses toleriert.<br \/>\n&gt;&gt; Schon jetzt ist der Besucherstrom des Hotels so stark, dass den G\u00e4sten<br \/>\n&gt; nur die M\u00f6glichkeit bleibt, im angrenzenden \u201e W\u00e4ldchen\u201c ( Grundst\u00fcck<br \/>\n&gt; der Stadt Meppen ) zu parken. Neben den parkenden Fahrzeugen, nimmt<br \/>\n&gt; auch die Belastung der Natur durch Unrat drastisch zu. Leider wird<br \/>\n&gt; auch diese Problematik vom Betreiber des Hotels ignoriert. Noch zeigt<br \/>\n&gt; sich das \u201eW\u00e4ldchen\u201c als Lebensraum f\u00fcr seltene Tiere wie z.B.<br \/>\n&gt; Buntspecht, Kleiber, Gimpel usw.Vorallem ist auch eine gr\u00f6\u00dfere<br \/>\n&gt; Population der Flederm\u00e4use ( stehen auf der Roten Liste<br \/>\n&gt; ) vorzufinden. Daher muss dieser naturnahe Lebensraum, unbedingt<br \/>\n&gt; erhalten bleiben und gesch\u00fctzt werden.<br \/>\n&gt;&gt; Ohne ein nachhaltiges Park- und Verkehrskonzept, kann und darf diese<br \/>\n&gt; Bauma\u00dfnahme nicht genehmigt werden. Ebenso muss auf die Wohn- und<br \/>\n&gt; Lebensqualit\u00e4t R\u00fccksicht genommen werden. ( siehe Leitbild der Stadt<br \/>\n&gt; Meppen Seite 9 Punkt 2.) Zitat:<br \/>\n&gt;&#8220;\u00a0Meppen legt einen Schwerpunkt in der Stadtentwicklung auf die<br \/>\n&gt; Nachhaltigkeit im Sinne einer hohen Lebensqualit\u00e4t speziell f\u00fcr<br \/>\n&gt; k\u00fcnftige Generationen. \u201e<br \/>\n&gt;&gt; Wir h\u00e4tten uns gew\u00fcnscht im Vorfeld der Sache von den Betreibern oder<br \/>\n&gt; der Stadt Meppen informiert zu werden und nicht von Dritten. So h\u00e4tte<br \/>\n&gt; es sicherlich auch die M\u00f6glichkeit gegeben den Sachverhalt zu kl\u00e4ren<br \/>\n&gt; und zu einer annehmbaren L\u00f6sung f\u00fcr alle Parteien zu kommen.<br \/>\n&gt;\u00a0Ariane und Johannes Sibum<\/p>\n","protected":false},"excerpt":{"rendered":"<p>Meine Frau und ich mussten aus der Zeitung vom Mittwoch den &gt; 06. Mai 2015 erfahren, dass der Hotelbetrieb, gegen\u00fcber unseres &gt; Grundst\u00fcckes in der Lilienstra\u00dfe 26 \u00a0erweitert werden soll [&hellip;]<\/p>\n","protected":false},"author":-1,"featured_media":0,"comment_status":"open","ping_status":"open","sticky":false,"template":"","format":"standard","meta":{"footnotes":""},"categories":[3],"tags":[],"class_list":["post-374","post","type-post","status-publish","format-standard","hentry","category-allgemein"],"_links":{"self":[{"href":"https:\/\/gruene-emsland-mitte.de\/index.php?rest_route=\/wp\/v2\/posts\/374","targetHints":{"allow":["GET"]}}],"collection":[{"href":"https:\/\/gruene-emsland-mitte.de\/index.php?rest_route=\/wp\/v2\/posts"}],"about":[{"href":"https:\/\/gruene-emsland-mitte.de\/index.php?rest_route=\/wp\/v2\/types\/post"}],"author":[{"embeddable":true,"href":"https:\/\/gruene-emsland-mitte.de\/index.php?rest_route=\/wp\/v2\/users\/2"}],"replies":[{"embeddable":true,"href":"https:\/\/gruene-emsland-mitte.de\/index.php?rest_route=%2Fwp%2Fv2%2Fcomments&post=374"}],"version-history":[{"count":3,"href":"https:\/\/gruene-emsland-mitte.de\/index.php?rest_route=\/wp\/v2\/posts\/374\/revisions"}],"predecessor-version":[{"id":379,"href":"https:\/\/gruene-emsland-mitte.de\/index.php?rest_route=\/wp\/v2\/posts\/374\/revisions\/379"}],"wp:attachment":[{"href":"https:\/\/gruene-emsland-mitte.de\/index.php?rest_route=%2Fwp%2Fv2%2Fmedia&parent=374"}],"wp:term":[{"taxonomy":"category","embeddable":true,"href":"https:\/\/gruene-emsland-mitte.de\/index.php?rest_route=%2Fwp%2Fv2%2Fcategories&post=374"},{"taxonomy":"post_tag","embeddable":true,"href":"https:\/\/gruene-emsland-mitte.de\/index.php?rest_route=%2Fwp%2Fv2%2Ftags&post=374"}],"curies":[{"name":"wp","href":"https:\/\/api.w.org\/{rel}","templated":true}]}}