{"id":378,"date":"2015-05-21T20:41:36","date_gmt":"2015-05-21T20:41:36","guid":{"rendered":"http:\/\/die-gruenen-meppen.de\/?p=378"},"modified":"2015-05-21T20:42:41","modified_gmt":"2015-05-21T20:42:41","slug":"rede-von-herbert-lugering-zum-demographischen-wandel","status":"publish","type":"post","link":"https:\/\/gruene-emsland-mitte.de\/?p=378","title":{"rendered":"Rede von Herbert L\u00fcgering zum demographischen Wandel"},"content":{"rendered":"<p>Sehr geehrte Frau Vorsitzende, Herr B\u00fcrgermeister, sehr geehrte Damen und Herren,<\/p>\n<p>im vergangenen Jahr wurde im Bauausschuss die demografische Entwicklung in der Stadt Meppen vorgestellt, die auf der Auswertung der Daten der Volksbefragung Zensus 2011 basiert. Die gr\u00fcne Stadtratsfraktion hielt diese Pr\u00e4sentation des Landkreises f\u00fcr sehr wichtig und informativ, das wir der Meinung waren, das diese nicht nur im Fachausschuss vorgestellt wird, sondern dem gesamten Rat der Stadt Meppen. Das ist heute geschehen und daf\u00fcr m\u00f6chten wir uns auch ganz herzlich bedanken.<\/p>\n<p>Wie in dem Vortrag zu h\u00f6ren war, steht in den Jahren um 2025 herum doch ein erheblicher demografischer Wandel im Stadtgebiet an. Das gilt besonders f\u00fcr die drei Stadtteile Esterfeld, N\u00f6dike und dem alten Feldkamp. Das durchschnittliche Alter der Bewohner wird 70 Jahre und mehr sein. Das hei\u00dft f\u00fcr viele, das es zunehmend schwieriger wird, Haus und Hof zu pflegen. Evtl. steht ein Wechsel in eine andere Wohnform an, betreutes Wohnen oder eine kleinere Wohnung.<\/p>\n<p>Dadurch wird ein erhebliches Angebot an Altimmobilien auf den Markt kommen. Das wiederum bedeutet, das in den Jahren ab 2025 ein gro\u00dfes Angebot von Wohnraum zur Verf\u00fcgung steht. Dabei handelt es sich in vielen F\u00e4llen um sicherlich sanierungsbed\u00fcrftige oder ggf auch H\u00e4user, wo ein Abriss und danach ein Neubau sinnvoll w\u00e4re. Solche Beispiele findet man gelegentlich bereits jetzt in noch \u00e4lteren Baugebieten, so etwa in Esterfeld in der Droste-H\u00fclshof-Strasse,ein Baugebiet aus den 60er Jahren. Hier wurden die gerade genannten Ma\u00dfnahmen erfolgreich verwirklicht.<br \/>\nDiese Ma\u00dfnahmen haben allerdings gleichzeitig erh\u00f6hte Kosten f\u00fcr den Immobilienerwerber verursacht.<\/p>\n<p>Wir sehen daher die Empfehlung des Landkreises als sehr wichtig an, diese Quartiere mit speziellen F\u00f6rdert\u00f6pfen zu bewerben.<\/p>\n<p>Ebenso sollte aus unserer Sicht dar\u00fcber eine Diskussion angesto\u00dfen werden, ob in den n\u00e4chsten Jahren die Innenentwicklung Vorrang vor der Erschlie\u00dfung neuer Baugebiete haben sollte. Dazu k\u00f6nnte das Bauamt ein Baul\u00fcckenkataster erstellen, damit ziemlich genau errechnet werden kann, was es noch f\u00fcr Baum\u00f6glichkeiten im Stadtgebiet gibt.<\/p>\n<p>Als letzte Ma\u00dfnahme w\u00e4re es nat\u00fcrlich notwendig, bestehende alte Bebauungspl\u00e4ne in den oben genannten Stadtteilen zu \u00fcberarbeiten und den K\u00e4ufern von Altimmobilien dadurch mehr Gestaltungsspielr\u00e4ume zu erm\u00f6glichen.<\/p>\n<p>Vielen Dank f\u00fcr Ihre Aufmerksamkeit<\/p>\n","protected":false},"excerpt":{"rendered":"<p>Sehr geehrte Frau Vorsitzende, Herr B\u00fcrgermeister, sehr geehrte Damen und Herren, im vergangenen Jahr wurde im Bauausschuss die demografische Entwicklung in der Stadt Meppen vorgestellt, die auf der Auswertung der [&hellip;]<\/p>\n","protected":false},"author":-1,"featured_media":0,"comment_status":"open","ping_status":"open","sticky":false,"template":"","format":"standard","meta":{"footnotes":""},"categories":[3],"tags":[],"class_list":["post-378","post","type-post","status-publish","format-standard","hentry","category-allgemein"],"_links":{"self":[{"href":"https:\/\/gruene-emsland-mitte.de\/index.php?rest_route=\/wp\/v2\/posts\/378","targetHints":{"allow":["GET"]}}],"collection":[{"href":"https:\/\/gruene-emsland-mitte.de\/index.php?rest_route=\/wp\/v2\/posts"}],"about":[{"href":"https:\/\/gruene-emsland-mitte.de\/index.php?rest_route=\/wp\/v2\/types\/post"}],"author":[{"embeddable":true,"href":"https:\/\/gruene-emsland-mitte.de\/index.php?rest_route=\/wp\/v2\/users\/2"}],"replies":[{"embeddable":true,"href":"https:\/\/gruene-emsland-mitte.de\/index.php?rest_route=%2Fwp%2Fv2%2Fcomments&post=378"}],"version-history":[{"count":2,"href":"https:\/\/gruene-emsland-mitte.de\/index.php?rest_route=\/wp\/v2\/posts\/378\/revisions"}],"predecessor-version":[{"id":383,"href":"https:\/\/gruene-emsland-mitte.de\/index.php?rest_route=\/wp\/v2\/posts\/378\/revisions\/383"}],"wp:attachment":[{"href":"https:\/\/gruene-emsland-mitte.de\/index.php?rest_route=%2Fwp%2Fv2%2Fmedia&parent=378"}],"wp:term":[{"taxonomy":"category","embeddable":true,"href":"https:\/\/gruene-emsland-mitte.de\/index.php?rest_route=%2Fwp%2Fv2%2Fcategories&post=378"},{"taxonomy":"post_tag","embeddable":true,"href":"https:\/\/gruene-emsland-mitte.de\/index.php?rest_route=%2Fwp%2Fv2%2Ftags&post=378"}],"curies":[{"name":"wp","href":"https:\/\/api.w.org\/{rel}","templated":true}]}}