{"id":382,"date":"2015-05-26T18:50:06","date_gmt":"2015-05-26T18:50:06","guid":{"rendered":"http:\/\/die-gruenen-meppen.de\/?p=382"},"modified":"2015-05-26T20:25:27","modified_gmt":"2015-05-26T20:25:27","slug":"grune-sehen-probleme-nicht-gelost","status":"publish","type":"post","link":"https:\/\/gruene-emsland-mitte.de\/?p=382","title":{"rendered":"Gr\u00fcne sehen Probleme nicht gel\u00f6st"},"content":{"rendered":"<p>Der Ortsverband der Meppener Gr\u00fcnen diskutierte auf seinem letzten Treffen den j\u00fcngsten Beschluss des Meppener Rates zum Bebauungsplan am Feldkamp. Expansionspl\u00e4ne von drei Landwirten hatten zu der Bef\u00fcrchtung gef\u00fchrt, der Feldkamp k\u00f6nnte \u00fcber die Ma\u00dfen davon belastet werden. So unterst\u00fctzen die Gr\u00fcnen die dortige B\u00fcrgerinitiative und forderten zugleich alle rechtlichen Mittel auszusch\u00f6pfen um den Ausbau von Massentierhaltung in der N\u00e4he der Wohngevbiete zu verhindern, inklusive eines neuen Bebauungsplans. Der Ortsverband der Gr\u00fcnen unterst\u00fctzt nach kontroverser Diskussion die Zustimmung der Ratsfraktikon zum Bebauungsplan mehrheitlich. Carmen P\u00fcpke begr\u00fcndete dies: &#8222;Neben dem Verbot der gewerblichen Tierhaltung ist vor allem auch die Einhausung des Tierkots eine Verbesserung f\u00fcr die Anwohner. Und die Pflicht der Landwirte auch f\u00fcr St\u00e4lle unter 15000 H\u00fchnern ein Gutachten zur Belastung mit Bioareosolen vorzulegen ist das, was wir mit dem Bebauungsplan erreichen konnten.&#8220; Daher schlossen sich die Gr\u00fcnen auch dem positiven Votum der B\u00fcrgerinitiative an, gleichwohl wissend, dass durchaus nicht alle Forderungen erreicht wurden. Kritik an der zustimmung zum Bebauungsplan gr\u00fcndete im Wesentlichen auf der grunds\u00e4tzlichen Ablehnunge der Massentierhaltung durch die Gr\u00fcnen. Martin Tecklenburg begr\u00fcndete seine Bedenken: &#8222;Die Zustimmung zum Bebauungsplan darf nicht bedeuten, dass wir uns nicht weiterhin f\u00fcr eine bundesweite landwirtschaftliche Wende einsetzen.&#8220;<br \/>\nF\u00fcr den Ortsvorsitzenden Carsten Keetz war wichtig, dass auch der neuen politischen Konstellation im Meppener Rathaus Rechnung getragen werden muss. &#8222;Der CDU-Mehrheit steht eine starke Opposition entgegen, die B\u00fcrgermeister Knurbein bei der Wahl unterst\u00fctzt hat. Diese starken Gegengewichte sollten dazu f\u00fchren, dass Beschl\u00fcsse offener und am B\u00fcrgerinteresse orientiert sind. Insofern wird Parteipolitik hier zweitrangig.&#8220; F\u00fcr die Zukunft gehen die Gr\u00fcnen davon aus, dass mit dem Bebauungsplan die Voraussetzungen von Einspr\u00fcchen und Klagen gegen zunehmnede Belastungen der Feldkampanwohner deutlich gestiegen sind.<\/p>\n","protected":false},"excerpt":{"rendered":"<p>Der Ortsverband der Meppener Gr\u00fcnen diskutierte auf seinem letzten Treffen den j\u00fcngsten Beschluss des Meppener Rates zum Bebauungsplan am Feldkamp. Expansionspl\u00e4ne von drei Landwirten hatten zu der Bef\u00fcrchtung gef\u00fchrt, der [&hellip;]<\/p>\n","protected":false},"author":-1,"featured_media":0,"comment_status":"open","ping_status":"open","sticky":false,"template":"","format":"standard","meta":{"footnotes":""},"categories":[3],"tags":[],"class_list":["post-382","post","type-post","status-publish","format-standard","hentry","category-allgemein"],"_links":{"self":[{"href":"https:\/\/gruene-emsland-mitte.de\/index.php?rest_route=\/wp\/v2\/posts\/382","targetHints":{"allow":["GET"]}}],"collection":[{"href":"https:\/\/gruene-emsland-mitte.de\/index.php?rest_route=\/wp\/v2\/posts"}],"about":[{"href":"https:\/\/gruene-emsland-mitte.de\/index.php?rest_route=\/wp\/v2\/types\/post"}],"author":[{"embeddable":true,"href":"https:\/\/gruene-emsland-mitte.de\/index.php?rest_route=\/wp\/v2\/users\/2"}],"replies":[{"embeddable":true,"href":"https:\/\/gruene-emsland-mitte.de\/index.php?rest_route=%2Fwp%2Fv2%2Fcomments&post=382"}],"version-history":[{"count":4,"href":"https:\/\/gruene-emsland-mitte.de\/index.php?rest_route=\/wp\/v2\/posts\/382\/revisions"}],"predecessor-version":[{"id":386,"href":"https:\/\/gruene-emsland-mitte.de\/index.php?rest_route=\/wp\/v2\/posts\/382\/revisions\/386"}],"wp:attachment":[{"href":"https:\/\/gruene-emsland-mitte.de\/index.php?rest_route=%2Fwp%2Fv2%2Fmedia&parent=382"}],"wp:term":[{"taxonomy":"category","embeddable":true,"href":"https:\/\/gruene-emsland-mitte.de\/index.php?rest_route=%2Fwp%2Fv2%2Fcategories&post=382"},{"taxonomy":"post_tag","embeddable":true,"href":"https:\/\/gruene-emsland-mitte.de\/index.php?rest_route=%2Fwp%2Fv2%2Ftags&post=382"}],"curies":[{"name":"wp","href":"https:\/\/api.w.org\/{rel}","templated":true}]}}