{"id":385,"date":"2015-05-26T20:27:13","date_gmt":"2015-05-26T20:27:13","guid":{"rendered":"http:\/\/die-gruenen-meppen.de\/?p=385"},"modified":"2015-05-26T20:27:13","modified_gmt":"2015-05-26T20:27:13","slug":"dank-an-die-grunen","status":"publish","type":"post","link":"https:\/\/gruene-emsland-mitte.de\/?p=385","title":{"rendered":"Dank an die Gr\u00fcnen"},"content":{"rendered":"<p>Als Vorstandsmitglied des Vereins LAND LuST e.V. bedanke ich mich bie der Fraktion der Gr\u00fcnen in Meppen. Soziale Treffpunkte auf dem Land wie Fu\u00dfballvereine, Kirchen und Jugendzentren sind selten f\u00fcr das Thema Homosexualit\u00e4t sensibilisiert und Beratungsstellen konzentrieren sich bundesweit fast ausschlie\u00dflich auf Gro\u00dfst\u00e4dte. Menschen auf dem Land sind nicht automatisch homophober als in der Stadt, aber je weniger Lesben und Schwule dort offen leben, desto gr\u00f6\u00dfer sind oft die Vorurteile &#8211; und die Unsicherheit. Bei dieser Problematik hat der Verein LAND LuST e.V. angestetzt um gerade auch Jugendlichen Hilfestellung anzubieten. Die Juggendgruppe war der Anfang und wir werden in Meppen und dem Emsland weitere Angebote vorbereiten, bzw. sind bereits ethabliert wie zum Beispiel das Schulaufkl\u00e4rungsprojekt SchLAu. Vieles ist geimeinsam zu schaffen, egal welche sexuelle Orientierung man hat, dies spielgelt sich auch in unserer Mietgliederstruktur wieder, von \u00fcber 150 Mitgliedern ist der Anteil der Herteros bei 31 Prozent.<\/p>\n","protected":false},"excerpt":{"rendered":"<p>Als Vorstandsmitglied des Vereins LAND LuST e.V. bedanke ich mich bie der Fraktion der Gr\u00fcnen in Meppen. Soziale Treffpunkte auf dem Land wie Fu\u00dfballvereine, Kirchen und Jugendzentren sind selten f\u00fcr [&hellip;]<\/p>\n","protected":false},"author":-1,"featured_media":0,"comment_status":"open","ping_status":"open","sticky":false,"template":"","format":"standard","meta":{"footnotes":""},"categories":[3],"tags":[],"class_list":["post-385","post","type-post","status-publish","format-standard","hentry","category-allgemein"],"_links":{"self":[{"href":"https:\/\/gruene-emsland-mitte.de\/index.php?rest_route=\/wp\/v2\/posts\/385","targetHints":{"allow":["GET"]}}],"collection":[{"href":"https:\/\/gruene-emsland-mitte.de\/index.php?rest_route=\/wp\/v2\/posts"}],"about":[{"href":"https:\/\/gruene-emsland-mitte.de\/index.php?rest_route=\/wp\/v2\/types\/post"}],"author":[{"embeddable":true,"href":"https:\/\/gruene-emsland-mitte.de\/index.php?rest_route=\/wp\/v2\/users\/2"}],"replies":[{"embeddable":true,"href":"https:\/\/gruene-emsland-mitte.de\/index.php?rest_route=%2Fwp%2Fv2%2Fcomments&post=385"}],"version-history":[{"count":1,"href":"https:\/\/gruene-emsland-mitte.de\/index.php?rest_route=\/wp\/v2\/posts\/385\/revisions"}],"predecessor-version":[{"id":389,"href":"https:\/\/gruene-emsland-mitte.de\/index.php?rest_route=\/wp\/v2\/posts\/385\/revisions\/389"}],"wp:attachment":[{"href":"https:\/\/gruene-emsland-mitte.de\/index.php?rest_route=%2Fwp%2Fv2%2Fmedia&parent=385"}],"wp:term":[{"taxonomy":"category","embeddable":true,"href":"https:\/\/gruene-emsland-mitte.de\/index.php?rest_route=%2Fwp%2Fv2%2Fcategories&post=385"},{"taxonomy":"post_tag","embeddable":true,"href":"https:\/\/gruene-emsland-mitte.de\/index.php?rest_route=%2Fwp%2Fv2%2Ftags&post=385"}],"curies":[{"name":"wp","href":"https:\/\/api.w.org\/{rel}","templated":true}]}}