{"id":393,"date":"2015-07-21T13:18:58","date_gmt":"2015-07-21T13:18:58","guid":{"rendered":"http:\/\/die-gruenen-meppen.de\/?p=393"},"modified":"2015-07-21T13:18:58","modified_gmt":"2015-07-21T13:18:58","slug":"sommerstammtisch","status":"publish","type":"post","link":"https:\/\/gruene-emsland-mitte.de\/?p=393","title":{"rendered":"Sommerstammtisch"},"content":{"rendered":"<p>Wir laden ein zu einem Sommerstammtisch<\/p>\n<p>am <strong>05.08.2015, 19:30 Uhr: Up &#8217;n B\u00fclt<\/strong><\/p>\n<p>Die n\u00e4chste regul\u00e4re Sitzung des Ortsverbandes ist dann am 09. Sept.<\/p>\n","protected":false},"excerpt":{"rendered":"<p>Wir laden ein zu einem Sommerstammtisch am 05.08.2015, 19:30 Uhr: Up &#8217;n B\u00fclt Die n\u00e4chste regul\u00e4re Sitzung des Ortsverbandes ist dann am 09. Sept.<\/p>\n","protected":false},"author":-1,"featured_media":0,"comment_status":"open","ping_status":"open","sticky":false,"template":"","format":"standard","meta":{"footnotes":""},"categories":[3],"tags":[],"class_list":["post-393","post","type-post","status-publish","format-standard","hentry","category-allgemein"],"_links":{"self":[{"href":"https:\/\/gruene-emsland-mitte.de\/index.php?rest_route=\/wp\/v2\/posts\/393","targetHints":{"allow":["GET"]}}],"collection":[{"href":"https:\/\/gruene-emsland-mitte.de\/index.php?rest_route=\/wp\/v2\/posts"}],"about":[{"href":"https:\/\/gruene-emsland-mitte.de\/index.php?rest_route=\/wp\/v2\/types\/post"}],"author":[{"embeddable":true,"href":"https:\/\/gruene-emsland-mitte.de\/index.php?rest_route=\/wp\/v2\/users\/1"}],"replies":[{"embeddable":true,"href":"https:\/\/gruene-emsland-mitte.de\/index.php?rest_route=%2Fwp%2Fv2%2Fcomments&post=393"}],"version-history":[{"count":1,"href":"https:\/\/gruene-emsland-mitte.de\/index.php?rest_route=\/wp\/v2\/posts\/393\/revisions"}],"predecessor-version":[{"id":394,"href":"https:\/\/gruene-emsland-mitte.de\/index.php?rest_route=\/wp\/v2\/posts\/393\/revisions\/394"}],"wp:attachment":[{"href":"https:\/\/gruene-emsland-mitte.de\/index.php?rest_route=%2Fwp%2Fv2%2Fmedia&parent=393"}],"wp:term":[{"taxonomy":"category","embeddable":true,"href":"https:\/\/gruene-emsland-mitte.de\/index.php?rest_route=%2Fwp%2Fv2%2Fcategories&post=393"},{"taxonomy":"post_tag","embeddable":true,"href":"https:\/\/gruene-emsland-mitte.de\/index.php?rest_route=%2Fwp%2Fv2%2Ftags&post=393"}],"curies":[{"name":"wp","href":"https:\/\/api.w.org\/{rel}","templated":true}]}}