{"id":395,"date":"2015-08-28T02:49:15","date_gmt":"2015-08-28T02:49:15","guid":{"rendered":"http:\/\/die-gruenen-meppen.de\/?p=395"},"modified":"2017-09-17T15:16:43","modified_gmt":"2017-09-17T15:16:43","slug":"badespas-bald-geschichte","status":"publish","type":"post","link":"https:\/\/gruene-emsland-mitte.de\/?p=395","title":{"rendered":"Badespa\u00df bald Geschichte"},"content":{"rendered":"<p>In der MT vom 24.8. zum Artikel \u201eMeppener St\u00e4dter zufriedener als Meppener in den D\u00f6rfern\u201c wird unter dem Punkt \u201eLieblingspl\u00e4tze der St\u00e4dter und Uml\u00e4nder\u201c der See am Schlagbr\u00fccker Weg genannt. Zu einer &#8211; wie vom Redakteur geforderten &#8211; guten Infrastruktur geh\u00f6rt nach unserer Auffassung auch eine intakte Naherholung: Dass der Schlagbr\u00fccker See sauberes Wasser und gute Luft dank seines gr\u00fcnen Saums f\u00fcr seine Besucherinnen und Besucher bereith\u00e4lt ist nur eine Seite der Medaille. Die andere Seite zeigt sich in der M\u00f6glichkeit kostenlos zu schwimmen, gerade f\u00fcr einkommensschwache Familien.<br \/>\nDass im Zuge des geplanten Ausbaus der E233 gerade der Badestrand und das dort befindliche W\u00e4ldchen bedroht sind, scheint sich im Bewusstsein der Badeg\u00e4ste nicht weiter verfestigt zu haben. Protestplakate sind verschwunden. &#8211; Bis der Bagger naht ?\u201c<\/p>\n","protected":false},"excerpt":{"rendered":"<p>In der MT vom 24.8. zum Artikel \u201eMeppener St\u00e4dter zufriedener als Meppener in den D\u00f6rfern\u201c wird unter dem Punkt \u201eLieblingspl\u00e4tze der St\u00e4dter und Uml\u00e4nder\u201c der See am Schlagbr\u00fccker Weg genannt. [&hellip;]<\/p>\n","protected":false},"author":-1,"featured_media":0,"comment_status":"open","ping_status":"open","sticky":false,"template":"","format":"standard","meta":{"footnotes":""},"categories":[3],"tags":[],"class_list":["post-395","post","type-post","status-publish","format-standard","hentry","category-allgemein"],"_links":{"self":[{"href":"https:\/\/gruene-emsland-mitte.de\/index.php?rest_route=\/wp\/v2\/posts\/395","targetHints":{"allow":["GET"]}}],"collection":[{"href":"https:\/\/gruene-emsland-mitte.de\/index.php?rest_route=\/wp\/v2\/posts"}],"about":[{"href":"https:\/\/gruene-emsland-mitte.de\/index.php?rest_route=\/wp\/v2\/types\/post"}],"author":[{"embeddable":true,"href":"https:\/\/gruene-emsland-mitte.de\/index.php?rest_route=\/wp\/v2\/users\/2"}],"replies":[{"embeddable":true,"href":"https:\/\/gruene-emsland-mitte.de\/index.php?rest_route=%2Fwp%2Fv2%2Fcomments&post=395"}],"version-history":[{"count":3,"href":"https:\/\/gruene-emsland-mitte.de\/index.php?rest_route=\/wp\/v2\/posts\/395\/revisions"}],"predecessor-version":[{"id":570,"href":"https:\/\/gruene-emsland-mitte.de\/index.php?rest_route=\/wp\/v2\/posts\/395\/revisions\/570"}],"wp:attachment":[{"href":"https:\/\/gruene-emsland-mitte.de\/index.php?rest_route=%2Fwp%2Fv2%2Fmedia&parent=395"}],"wp:term":[{"taxonomy":"category","embeddable":true,"href":"https:\/\/gruene-emsland-mitte.de\/index.php?rest_route=%2Fwp%2Fv2%2Fcategories&post=395"},{"taxonomy":"post_tag","embeddable":true,"href":"https:\/\/gruene-emsland-mitte.de\/index.php?rest_route=%2Fwp%2Fv2%2Ftags&post=395"}],"curies":[{"name":"wp","href":"https:\/\/api.w.org\/{rel}","templated":true}]}}