{"id":474,"date":"2016-09-12T15:28:34","date_gmt":"2016-09-12T15:28:34","guid":{"rendered":"http:\/\/die-gruenen-meppen.de\/?p=474"},"modified":"2019-04-28T18:43:13","modified_gmt":"2019-04-28T18:43:13","slug":"danke-an-unsere-2423-wahlerinnen-und-wahler","status":"publish","type":"post","link":"https:\/\/gruene-emsland-mitte.de\/?p=474","title":{"rendered":"Danke an unsere 3945 W\u00e4hlerinnen und W\u00e4hler"},"content":{"rendered":"<p>Mit &nbsp;8,4 % haben wir Gr\u00fcnen hier in Meppen unser Minimalziel bei der Kommunalwahl 2016 erreicht. Wir wollten unser gutes Ergebnis von 2011 verteidigen und haben das nach absoluten Zahlen auch erreicht. Aufgrund der h\u00f6heren Wahlbeteiligung sind wir unterm Schnitt aber 0,57 % unter dem damaligen Ergebnis geblieben. Schade, dass es Martina Markus ganz knapp nicht in den Stadtrat geschafft hat. So m\u00fcssen wir mit drei Aufrechten weitermachen. Das zweite Wahlziel, gemeinsam mit den anderen Parteien die absolute Mehrheit der CDU zu brechen ist ebenfalls gelungen ! Danke an all unsere 3945 W\u00e4hlerinnen und W\u00e4hler.<\/p>\n","protected":false},"excerpt":{"rendered":"<p>Mit &nbsp;8,4 % haben wir Gr\u00fcnen hier in Meppen unser Minimalziel bei der Kommunalwahl 2016 erreicht. Wir wollten unser gutes Ergebnis von 2011 verteidigen und haben das nach absoluten Zahlen [&hellip;]<\/p>\n","protected":false},"author":-1,"featured_media":0,"comment_status":"open","ping_status":"open","sticky":false,"template":"","format":"standard","meta":{"footnotes":""},"categories":[17,26],"tags":[34],"class_list":["post-474","post","type-post","status-publish","format-standard","hentry","category-emsland-mitte","category-meppen","tag-wahlen"],"_links":{"self":[{"href":"https:\/\/gruene-emsland-mitte.de\/index.php?rest_route=\/wp\/v2\/posts\/474","targetHints":{"allow":["GET"]}}],"collection":[{"href":"https:\/\/gruene-emsland-mitte.de\/index.php?rest_route=\/wp\/v2\/posts"}],"about":[{"href":"https:\/\/gruene-emsland-mitte.de\/index.php?rest_route=\/wp\/v2\/types\/post"}],"author":[{"embeddable":true,"href":"https:\/\/gruene-emsland-mitte.de\/index.php?rest_route=\/wp\/v2\/users\/2"}],"replies":[{"embeddable":true,"href":"https:\/\/gruene-emsland-mitte.de\/index.php?rest_route=%2Fwp%2Fv2%2Fcomments&post=474"}],"version-history":[{"count":6,"href":"https:\/\/gruene-emsland-mitte.de\/index.php?rest_route=\/wp\/v2\/posts\/474\/revisions"}],"predecessor-version":[{"id":876,"href":"https:\/\/gruene-emsland-mitte.de\/index.php?rest_route=\/wp\/v2\/posts\/474\/revisions\/876"}],"wp:attachment":[{"href":"https:\/\/gruene-emsland-mitte.de\/index.php?rest_route=%2Fwp%2Fv2%2Fmedia&parent=474"}],"wp:term":[{"taxonomy":"category","embeddable":true,"href":"https:\/\/gruene-emsland-mitte.de\/index.php?rest_route=%2Fwp%2Fv2%2Fcategories&post=474"},{"taxonomy":"post_tag","embeddable":true,"href":"https:\/\/gruene-emsland-mitte.de\/index.php?rest_route=%2Fwp%2Fv2%2Ftags&post=474"}],"curies":[{"name":"wp","href":"https:\/\/api.w.org\/{rel}","templated":true}]}}