{"id":59,"date":"2012-03-09T19:16:17","date_gmt":"2012-03-09T19:16:17","guid":{"rendered":"http:\/\/die-gruenen-meppen.de\/?p=59"},"modified":"2021-02-16T14:26:12","modified_gmt":"2021-02-16T14:26:12","slug":"wat-den-ainen-sien-uhl-is-den-annern-sien-nachtigall","status":"publish","type":"post","link":"https:\/\/gruene-emsland-mitte.de\/?p=59","title":{"rendered":"&#8222;Wat den \u00e4inen sien Uhl, is den annern sien Nachtigall&#8220;."},"content":{"rendered":"<h2>Pressemitteilung zum Artikel &#8222;20-Millionen -Projekt gestorben&#8220;<\/h2>\n<p>Um es gleich vorweg zu sagen: uns hat die Nachricht, dass P\u00fcntkers Patt vorerst ,vor allem in der von Pro Urban geplanten Form, &nbsp;nicht bebaut wird, gefreut -verschafft es uns doch ein wenig Luft und Zeit, weiter und besser nachzudenken. Hartn\u00e4ckig hielt sich zudem in der letzten Zeit das Ger\u00fccht, dass das geplante Bauvorhaben durchaus nicht in der beschriebenen Art, z.B. mit verschiedenen Arztpraxen, belegt werden konnte.<br \/>\nSchade f\u00fcr den Investor, denn von einem 20 Millionenprojekt h\u00e4tte die Stadt sicherlich auch (Gewerbesteurn, Arbeitsplatzbeschaffung etc.) profitieren k\u00f6nnen.<br \/>\nGleichzeitig h\u00e4tten wir aber f\u00fcr die n\u00e4chsten 80 Jahre in der Stadt wieder einmal einen Zustand zementiert, obwohl noch gar nicht klar ist, wie sich die verkehrliche Situation um das neue Einkaufszentrum MEP und dessen Akzeptanz und Attraktivit\u00e4t \u00fcberhaupt entwickeln wird.<br \/>\nP\u00fcntkers Patt hat diesbez\u00fcglich n\u00e4mlich eine zentrale Bedeutung\/Schl\u00fcsselfunktion.<br \/>\n&#8222;Man mu\u00df&#8220; so Herbert L\u00fcgering, neues gr\u00fcnes Ratsmitglied &#8222;(vorausgesetzt, die Finanzierung ist zu leisten) evtl. die Br\u00fcckenbaupl\u00e4ne \u00fcber selbiges Grundst\u00fcck zur Schlie\u00dfung des innerst\u00e4dtischen Ringes und Entlastung der Hubbr\u00fccke durch den KFZ Verkehr wieder aus der Schublade holen&#8220;.<br \/>\nP\u00fcntkers Patt, zumindest w\u00e4hrend der Gro\u00dfbauma\u00dfnahmen in Meppen, wie Neugestaltung der Fu\u00dfg\u00e4ngerzone, des Sparkassenneubaus an der Hinterstra\u00dfe und die Entstehung der MEP k\u00f6nnen Parkplatzangebote, wie sie das Grundst\u00fcck zur Zeit bietet, dringend gebrauchen. &#8222;Um die Altstadt mit der Bahnhofsstra\u00dfe zu verbinden und ein gemeinsames Einkaufserlebnis zu schaffen, war nach Ansicht von Ulla Kleinlosen &#8222;das von Pro Urban geplante Geb\u00e4ude wenig geeignet&#8220;.<br \/>\nSo gesehen haben die Gebr\u00fcder Augustin, ob gewollt oder nicht, durchaus das Allgemeinwohl der B\u00fcrger im Auge gehabt.<\/p>\n","protected":false},"excerpt":{"rendered":"<p>Pressemitteilung zum Artikel &#8222;20-Millionen -Projekt gestorben&#8220; Um es gleich vorweg zu sagen: uns hat die Nachricht, dass P\u00fcntkers Patt vorerst ,vor allem in der von Pro Urban geplanten Form, &nbsp;nicht [&hellip;]<\/p>\n","protected":false},"author":-1,"featured_media":0,"comment_status":"open","ping_status":"open","sticky":false,"template":"","format":"standard","meta":{"footnotes":""},"categories":[21],"tags":[],"class_list":["post-59","post","type-post","status-publish","format-standard","hentry","category-ueberregional"],"_links":{"self":[{"href":"https:\/\/gruene-emsland-mitte.de\/index.php?rest_route=\/wp\/v2\/posts\/59","targetHints":{"allow":["GET"]}}],"collection":[{"href":"https:\/\/gruene-emsland-mitte.de\/index.php?rest_route=\/wp\/v2\/posts"}],"about":[{"href":"https:\/\/gruene-emsland-mitte.de\/index.php?rest_route=\/wp\/v2\/types\/post"}],"author":[{"embeddable":true,"href":"https:\/\/gruene-emsland-mitte.de\/index.php?rest_route=\/wp\/v2\/users\/1"}],"replies":[{"embeddable":true,"href":"https:\/\/gruene-emsland-mitte.de\/index.php?rest_route=%2Fwp%2Fv2%2Fcomments&post=59"}],"version-history":[{"count":2,"href":"https:\/\/gruene-emsland-mitte.de\/index.php?rest_route=\/wp\/v2\/posts\/59\/revisions"}],"predecessor-version":[{"id":1682,"href":"https:\/\/gruene-emsland-mitte.de\/index.php?rest_route=\/wp\/v2\/posts\/59\/revisions\/1682"}],"wp:attachment":[{"href":"https:\/\/gruene-emsland-mitte.de\/index.php?rest_route=%2Fwp%2Fv2%2Fmedia&parent=59"}],"wp:term":[{"taxonomy":"category","embeddable":true,"href":"https:\/\/gruene-emsland-mitte.de\/index.php?rest_route=%2Fwp%2Fv2%2Fcategories&post=59"},{"taxonomy":"post_tag","embeddable":true,"href":"https:\/\/gruene-emsland-mitte.de\/index.php?rest_route=%2Fwp%2Fv2%2Ftags&post=59"}],"curies":[{"name":"wp","href":"https:\/\/api.w.org\/{rel}","templated":true}]}}