{"id":592,"date":"2017-11-17T17:02:26","date_gmt":"2017-11-17T17:02:26","guid":{"rendered":"http:\/\/die-gruenen-meppen.de\/?p=592"},"modified":"2017-11-17T17:02:26","modified_gmt":"2017-11-17T17:02:26","slug":"presseerklarung-zum-mt-artkel-vom-13-11-17","status":"publish","type":"post","link":"https:\/\/gruene-emsland-mitte.de\/?p=592","title":{"rendered":"Presseerkl\u00e4rung zum MT-Artkel vom 13.11.17"},"content":{"rendered":"<p>Die Berichterstattung zum Thema \u201eSchulsport in Esterfeld\u201c bedarf einer Erg\u00e4nzung. Dort ist zu lesen: \u201eEs entbrannte eine Diskussion im Stadtrat \u00fcber den tats\u00e4chlichen Fl\u00e4chenbedarf f\u00fcr die Laufbahn\u201c. \u201eLeider wurde diese Diskussion in unseren Augen in Wahrheit nicht gef\u00fchrt. Vielmehr vermied die Mehrheitsfraktion eine Stellungnahme\u201c, beklagt sich der Fraktionsvorsitzende der Gr\u00fcnen, Martin Tecklenburg. So berichtete die MT im gleichen Artikel: \u201eAuf Vorschlag von B\u00fcrgermeister Helmut Knurbein soll \u2026 im Rahmen des Bauleitverfahrens im Planungs- und Bauausschuss ermittelt werden\u201c. \u201eDas war jetzt bereits die dritte Vertagung eines eigentlich nicht so brisanten Vorganges\u201c, so Ratsherr Carsten Keetz, \u201ewarum soviel Geziertheit um einen Streifen Land?\u201c<br \/>\nBereits laut MT-Artikel vom 31. Mai dieses Jahres war dieser Auftrag beispielsweise an die Bauverwaltung Meppen ergangen: \u201eAuf Wunsch der Ratsmitglieder wird die Verwaltung in der n\u00e4chsten Sitzung konkrete Vorschl\u00e4ge vorlegen.\u201c Wen wundert es da noch, als auf der j\u00fcngsten Sitzung der Vorschlag der B\u00fcndnisgr\u00fcnen, die CDU-Fraktion und die Verwaltung m\u00f6gen doch endlich Farbe zum Thema bekennen,  von Herrn Knurbein abgelehnt wurde,  mit dem Hinweis auf \u201eein laufendes  Verfahren\u201c  \u201eDie B\u00fcndnisgr\u00fcnen fragen sich, ob die Zusammenarbeit mit der Verwaltung wieder in schon \u00fcberwunden geglaubte reflexartige Verhaltensmuster abgleite\u201c bef\u00fcrchtet Ratsherr Herbert L\u00fcgering. Unerw\u00e4hnt blieb laut der Pressemitteilung im MT-Artikel auch, dass Vertreter\/(innen beider Schulen, der Marienschule und der Anne-Frank- Oberschule, der \u00f6ffentlichen Stadtratssitzung beiwohnten um ihrer Wunsch nach der Schulsportanlage Nachdruck zu verleihen.  <\/p>\n","protected":false},"excerpt":{"rendered":"<p>Die Berichterstattung zum Thema \u201eSchulsport in Esterfeld\u201c bedarf einer Erg\u00e4nzung. Dort ist zu lesen: \u201eEs entbrannte eine Diskussion im Stadtrat \u00fcber den tats\u00e4chlichen Fl\u00e4chenbedarf f\u00fcr die Laufbahn\u201c. \u201eLeider wurde diese [&hellip;]<\/p>\n","protected":false},"author":-1,"featured_media":0,"comment_status":"open","ping_status":"open","sticky":false,"template":"","format":"standard","meta":{"footnotes":""},"categories":[3],"tags":[],"class_list":["post-592","post","type-post","status-publish","format-standard","hentry","category-allgemein"],"_links":{"self":[{"href":"https:\/\/gruene-emsland-mitte.de\/index.php?rest_route=\/wp\/v2\/posts\/592","targetHints":{"allow":["GET"]}}],"collection":[{"href":"https:\/\/gruene-emsland-mitte.de\/index.php?rest_route=\/wp\/v2\/posts"}],"about":[{"href":"https:\/\/gruene-emsland-mitte.de\/index.php?rest_route=\/wp\/v2\/types\/post"}],"author":[{"embeddable":true,"href":"https:\/\/gruene-emsland-mitte.de\/index.php?rest_route=\/wp\/v2\/users\/2"}],"replies":[{"embeddable":true,"href":"https:\/\/gruene-emsland-mitte.de\/index.php?rest_route=%2Fwp%2Fv2%2Fcomments&post=592"}],"version-history":[{"count":1,"href":"https:\/\/gruene-emsland-mitte.de\/index.php?rest_route=\/wp\/v2\/posts\/592\/revisions"}],"predecessor-version":[{"id":593,"href":"https:\/\/gruene-emsland-mitte.de\/index.php?rest_route=\/wp\/v2\/posts\/592\/revisions\/593"}],"wp:attachment":[{"href":"https:\/\/gruene-emsland-mitte.de\/index.php?rest_route=%2Fwp%2Fv2%2Fmedia&parent=592"}],"wp:term":[{"taxonomy":"category","embeddable":true,"href":"https:\/\/gruene-emsland-mitte.de\/index.php?rest_route=%2Fwp%2Fv2%2Fcategories&post=592"},{"taxonomy":"post_tag","embeddable":true,"href":"https:\/\/gruene-emsland-mitte.de\/index.php?rest_route=%2Fwp%2Fv2%2Ftags&post=592"}],"curies":[{"name":"wp","href":"https:\/\/api.w.org\/{rel}","templated":true}]}}