{"id":596,"date":"2017-11-17T17:28:13","date_gmt":"2017-11-17T17:28:13","guid":{"rendered":"http:\/\/die-gruenen-meppen.de\/?p=596"},"modified":"2017-11-17T17:30:28","modified_gmt":"2017-11-17T17:30:28","slug":"betrifft-ampelschaltung-an-d-kreuzung-b-70-schleusengruppe-nodike","status":"publish","type":"post","link":"https:\/\/gruene-emsland-mitte.de\/?p=596","title":{"rendered":"Ampelschaltung Kreuzung B 70 \/ Schleusengruppe \/ N\u00f6dike"},"content":{"rendered":"<p>Sehr geehrter Herr Landrat Winter,<br \/>\ndie Ampelschaltung an oben genannter Kreuzung f\u00fchrt bei den Radlern zu Unmut, wie auch diesbez\u00fcgliche Leserbriefe in der Meppener Tagespost belegen. Ich selbst habe am Samstag nachmittags ca. 12 Minuten gebraucht nur um andieser Kreuzung aus Richtung Schleusengruppe kommend, rechtseitig \u00fcber die B\u00a070 zum Erntefest nach N\u00f6dike zu gelangen.<br \/>\nDie Bedarfsampel l\u00e4sst dem Autoverkehr offensichtlich den Vorrang.<br \/>\nGerade f\u00fcr die Fahrradpendler aus den s\u00fcdlichen Stadtteilen Helter Damm Nord<br \/>\nund S\u00fcd, Feldkamp 1 und 2 sowie der Schleusengruppe m\u00fcssen diesen Umstand<br \/>\nfast t\u00e4glich erdulden. Da unseres Wissens nach der Landkreis f\u00fcr die Signalanlagen zust\u00e4ndig ist, habe ich<br \/>\nfolgende Fragen an den zust\u00e4ndigen Fachbereich:<br \/>\no Gibt es technische M\u00f6glichkeiten, die Wartezeit der Radfahrer zu verk\u00fcrzen?<br \/>\no Ist die M\u00f6glichkeit des Baus einer Fu\u00df- und Radwegbr\u00fccke \u00fcber die B 70<br \/>\nin j\u00fcngster Zeit gepr\u00fcft worden?<br \/>\no Welche Optionen stehen zur Verf\u00fcgung, zuk\u00fcnftig den Radverkehr gleichrangig zu betrachten ? Danke f\u00fcr Ihre Bem\u00fchungen!<\/p>\n","protected":false},"excerpt":{"rendered":"<p>Sehr geehrter Herr Landrat Winter, die Ampelschaltung an oben genannter Kreuzung f\u00fchrt bei den Radlern zu Unmut, wie auch diesbez\u00fcgliche Leserbriefe in der Meppener Tagespost belegen. Ich selbst habe am [&hellip;]<\/p>\n","protected":false},"author":-1,"featured_media":0,"comment_status":"open","ping_status":"open","sticky":false,"template":"","format":"standard","meta":{"footnotes":""},"categories":[3],"tags":[],"class_list":["post-596","post","type-post","status-publish","format-standard","hentry","category-allgemein"],"_links":{"self":[{"href":"https:\/\/gruene-emsland-mitte.de\/index.php?rest_route=\/wp\/v2\/posts\/596","targetHints":{"allow":["GET"]}}],"collection":[{"href":"https:\/\/gruene-emsland-mitte.de\/index.php?rest_route=\/wp\/v2\/posts"}],"about":[{"href":"https:\/\/gruene-emsland-mitte.de\/index.php?rest_route=\/wp\/v2\/types\/post"}],"author":[{"embeddable":true,"href":"https:\/\/gruene-emsland-mitte.de\/index.php?rest_route=\/wp\/v2\/users\/2"}],"replies":[{"embeddable":true,"href":"https:\/\/gruene-emsland-mitte.de\/index.php?rest_route=%2Fwp%2Fv2%2Fcomments&post=596"}],"version-history":[{"count":3,"href":"https:\/\/gruene-emsland-mitte.de\/index.php?rest_route=\/wp\/v2\/posts\/596\/revisions"}],"predecessor-version":[{"id":599,"href":"https:\/\/gruene-emsland-mitte.de\/index.php?rest_route=\/wp\/v2\/posts\/596\/revisions\/599"}],"wp:attachment":[{"href":"https:\/\/gruene-emsland-mitte.de\/index.php?rest_route=%2Fwp%2Fv2%2Fmedia&parent=596"}],"wp:term":[{"taxonomy":"category","embeddable":true,"href":"https:\/\/gruene-emsland-mitte.de\/index.php?rest_route=%2Fwp%2Fv2%2Fcategories&post=596"},{"taxonomy":"post_tag","embeddable":true,"href":"https:\/\/gruene-emsland-mitte.de\/index.php?rest_route=%2Fwp%2Fv2%2Ftags&post=596"}],"curies":[{"name":"wp","href":"https:\/\/api.w.org\/{rel}","templated":true}]}}