{"id":598,"date":"2017-11-17T17:37:32","date_gmt":"2017-11-17T17:37:32","guid":{"rendered":"http:\/\/die-gruenen-meppen.de\/?p=598"},"modified":"2017-11-17T17:37:32","modified_gmt":"2017-11-17T17:37:32","slug":"antwort-des-landrates-zur-ampelschaltung","status":"publish","type":"post","link":"https:\/\/gruene-emsland-mitte.de\/?p=598","title":{"rendered":"Antwort des Landrates zur Ampelschaltung"},"content":{"rendered":"<p>auf Ihre o.g. Anfrage vom 27.10.2017 teile ich Ihnen Folgendes mit:<br \/>\nBei der in der Anfrage thematisierten Problematik handelt es sich um zwei dicht beieinanderliegende<br \/>\nKnotenpunkte. Beide Knotenpunkte sind mit Lichtsignalanlagen versehen. Mit dem Bau der zweiten<br \/>\nRichtungsfahrbahn an der Schleuse in Meppen ist eine zus\u00e4tzliche Rechtsabbiegespur von der<br \/>\nKreisstra\u00dfe 250 zur Bundesstra\u00dfe 70 hin angelegt worden. Aus diesem Anlass wurde die Schaltung<br \/>\nder Lichtsignalanlage in diesem Knotenpunkt leicht modifiziert. F\u00fcr den Radfahrer hat sich an der<br \/>\nLichtsignalschaltung gegen\u00fcber dem urspr\u00fcnglichen Zustand nichts ver\u00e4ndert.<br \/>\nAuf der n\u00f6rdlichen Fahrbahnseite der Kreisstra\u00dfe 250 war bereits ein Radweg vor der Ausbauma\u00dfnahme<br \/>\nvorhanden. Dieser ist lediglich verlegt und ausgebaut worden. Vor der Ausbauma\u00dfnahme<br \/>\nwaren die Radfahrer beidseitig am Fahrbahnrand bzw. auf dem n\u00f6rdlichen Radweg der Kreisstra\u00dfe<br \/>\n250 unterwegs. Anlass der vom Landkreis Emsland betreuten Ma\u00dfnahme war die Beseitigung der<br \/>\nEngstelle im Bereich der Fahrbahn zwischen den beiden Schleusen.<br \/>\nIn der letzten Sitzung der Verkehrskommission des Landkreises Emsland am 16.08.2017 sind die<br \/>\nKnotenpunkte im Beisein von Vertretern der Stadt Meppen behandelt worden. Aufgrund der erheblichen<br \/>\nBeschwerden aus der Bev\u00f6lkerung empfiehlt die Verkehrskommission zu pr\u00fcfen, ob die s\u00fcdliche<br \/>\nFu\u00dfg\u00e4ngerquerung \u00fcber die Bundesstra\u00dfe 70 im Knotenpunkt auf die n\u00f6rdliche Seite verlegt<br \/>\nwerden kann. Eine entsprechende Machbarkeitsstudie wird von der Nieders\u00e4chsischen Landesbe2<br \/>\nh\u00f6rde f\u00fcr Stra\u00dfenbau und Verkehr \u2013 Gesch\u00e4ftsbereich Lingen (NLStBV) als zust\u00e4ndigem Stra\u00dfenbaulasttr\u00e4ger<br \/>\nbeauftragt.<br \/>\nZust\u00e4ndig f\u00fcr den Knotenpunkt B 70 \u2013 Kreisstra\u00dfe 250 \u2013 Industriestra\u00dfe ist ebenfalls die NLStBV in<br \/>\nLingen. F\u00fcr den anderen Knotenpunkt Industriestra\u00dfe \u2013 N\u00f6dikestra\u00dfe liegt die Verantwortung bei der<br \/>\nStadt Meppen. Ich werde Ihre Anfrage deshalb zum Anlass nehmen, sowohl der Stadt Meppen als<br \/>\nauch der NLStBV in Lingen eine Ausfertigung Ihrer Anfrage und meiner Antwort zukommen zu lassen.<\/p>\n","protected":false},"excerpt":{"rendered":"<p>auf Ihre o.g. Anfrage vom 27.10.2017 teile ich Ihnen Folgendes mit: Bei der in der Anfrage thematisierten Problematik handelt es sich um zwei dicht beieinanderliegende Knotenpunkte. Beide Knotenpunkte sind mit [&hellip;]<\/p>\n","protected":false},"author":-1,"featured_media":0,"comment_status":"open","ping_status":"open","sticky":false,"template":"","format":"standard","meta":{"footnotes":""},"categories":[3],"tags":[],"class_list":["post-598","post","type-post","status-publish","format-standard","hentry","category-allgemein"],"_links":{"self":[{"href":"https:\/\/gruene-emsland-mitte.de\/index.php?rest_route=\/wp\/v2\/posts\/598","targetHints":{"allow":["GET"]}}],"collection":[{"href":"https:\/\/gruene-emsland-mitte.de\/index.php?rest_route=\/wp\/v2\/posts"}],"about":[{"href":"https:\/\/gruene-emsland-mitte.de\/index.php?rest_route=\/wp\/v2\/types\/post"}],"author":[{"embeddable":true,"href":"https:\/\/gruene-emsland-mitte.de\/index.php?rest_route=\/wp\/v2\/users\/2"}],"replies":[{"embeddable":true,"href":"https:\/\/gruene-emsland-mitte.de\/index.php?rest_route=%2Fwp%2Fv2%2Fcomments&post=598"}],"version-history":[{"count":1,"href":"https:\/\/gruene-emsland-mitte.de\/index.php?rest_route=\/wp\/v2\/posts\/598\/revisions"}],"predecessor-version":[{"id":601,"href":"https:\/\/gruene-emsland-mitte.de\/index.php?rest_route=\/wp\/v2\/posts\/598\/revisions\/601"}],"wp:attachment":[{"href":"https:\/\/gruene-emsland-mitte.de\/index.php?rest_route=%2Fwp%2Fv2%2Fmedia&parent=598"}],"wp:term":[{"taxonomy":"category","embeddable":true,"href":"https:\/\/gruene-emsland-mitte.de\/index.php?rest_route=%2Fwp%2Fv2%2Fcategories&post=598"},{"taxonomy":"post_tag","embeddable":true,"href":"https:\/\/gruene-emsland-mitte.de\/index.php?rest_route=%2Fwp%2Fv2%2Ftags&post=598"}],"curies":[{"name":"wp","href":"https:\/\/api.w.org\/{rel}","templated":true}]}}