{"id":607,"date":"2018-01-01T23:09:41","date_gmt":"2018-01-01T23:09:41","guid":{"rendered":"http:\/\/die-gruenen-meppen.de\/?p=607"},"modified":"2019-04-28T18:03:42","modified_gmt":"2019-04-28T18:03:42","slug":"gruner-grus-an-alle-freunde-und-gegner","status":"publish","type":"post","link":"https:\/\/gruene-emsland-mitte.de\/?p=607","title":{"rendered":"Gr\u00fcner Gru\u00df an alle Freunde !"},"content":{"rendered":"<p>2017 war ein ereignisreiches und pr\u00e4gendes Jahr f\u00fcr B\u00fcndnis 90\/Die Gr\u00fcnen \u2013 sowohl hier in Meppen als auch in Niedersachsen und im Bund. Nach zwei engagierten Wahlk\u00e4mpfen m\u00fcssen wir feststellen: Das Ergebnis ist nicht so, wie wir es uns erhofft hatten. Warum konnten wir die guten Umfrageergebnisse von Anfang 2017 nicht in W\u00e4hlerstimmen umm\u00fcnzen? Ganz unzufrieden sind wir mit den Wahlergebnissen hier in unserer Stadt nicht. Niedersachsenweit &#8211; das zeigt eine interne Statistik- stehen wir mit unseren Minuszahlen in Mittelems&nbsp; vergleichsweise gut da. Wenn auch mit rund 7 Prozent auf niedrigem Niveau. Leider sind unsere Zahlen bei der Bundestags- und Landtagswahl auf das gesamte Emsland bezogen wieder mal bescheiden. Aber der &#8222;Gr\u00fcne Funke&#8220; mag zwischen Nordgrenze und Spelle einfach nicht massenhaft z\u00fcnden. Wir arbeiten weiter daran.. Den wenigen Getreuen und den unverdrossenen W\u00e4hlern m\u00f6chten wir vom OV-Vorstand in Meppen herzlich danken und allen ein erfolgreiches Jahr 2018 w\u00fcnschen. Vielleicht h\u00e4lt das Jahr doch eine gr\u00fcne Regierungsbeteiligung im Bund bereit ? Die Hoffnung stirbt zuletzt.<\/p>\n","protected":false},"excerpt":{"rendered":"<p>2017 war ein ereignisreiches und pr\u00e4gendes Jahr f\u00fcr B\u00fcndnis 90\/Die Gr\u00fcnen \u2013 sowohl hier in Meppen als auch in Niedersachsen und im Bund. Nach zwei engagierten Wahlk\u00e4mpfen m\u00fcssen wir feststellen: [&hellip;]<\/p>\n","protected":false},"author":-1,"featured_media":0,"comment_status":"open","ping_status":"open","sticky":false,"template":"","format":"standard","meta":{"footnotes":""},"categories":[17,26],"tags":[30],"class_list":["post-607","post","type-post","status-publish","format-standard","hentry","category-emsland-mitte","category-meppen","tag-gruenes-leben"],"_links":{"self":[{"href":"https:\/\/gruene-emsland-mitte.de\/index.php?rest_route=\/wp\/v2\/posts\/607","targetHints":{"allow":["GET"]}}],"collection":[{"href":"https:\/\/gruene-emsland-mitte.de\/index.php?rest_route=\/wp\/v2\/posts"}],"about":[{"href":"https:\/\/gruene-emsland-mitte.de\/index.php?rest_route=\/wp\/v2\/types\/post"}],"author":[{"embeddable":true,"href":"https:\/\/gruene-emsland-mitte.de\/index.php?rest_route=\/wp\/v2\/users\/2"}],"replies":[{"embeddable":true,"href":"https:\/\/gruene-emsland-mitte.de\/index.php?rest_route=%2Fwp%2Fv2%2Fcomments&post=607"}],"version-history":[{"count":6,"href":"https:\/\/gruene-emsland-mitte.de\/index.php?rest_route=\/wp\/v2\/posts\/607\/revisions"}],"predecessor-version":[{"id":865,"href":"https:\/\/gruene-emsland-mitte.de\/index.php?rest_route=\/wp\/v2\/posts\/607\/revisions\/865"}],"wp:attachment":[{"href":"https:\/\/gruene-emsland-mitte.de\/index.php?rest_route=%2Fwp%2Fv2%2Fmedia&parent=607"}],"wp:term":[{"taxonomy":"category","embeddable":true,"href":"https:\/\/gruene-emsland-mitte.de\/index.php?rest_route=%2Fwp%2Fv2%2Fcategories&post=607"},{"taxonomy":"post_tag","embeddable":true,"href":"https:\/\/gruene-emsland-mitte.de\/index.php?rest_route=%2Fwp%2Fv2%2Ftags&post=607"}],"curies":[{"name":"wp","href":"https:\/\/api.w.org\/{rel}","templated":true}]}}