{"id":620,"date":"2018-02-13T21:34:29","date_gmt":"2018-02-13T21:34:29","guid":{"rendered":"http:\/\/die-gruenen-meppen.de\/?p=620"},"modified":"2018-02-13T21:34:29","modified_gmt":"2018-02-13T21:34:29","slug":"keime-in-der-nordradde","status":"publish","type":"post","link":"https:\/\/gruene-emsland-mitte.de\/?p=620","title":{"rendered":"Keime in der Nordradde ?"},"content":{"rendered":"<p>Sehr geehrter Herr B\u00fcrgermeister!<br \/>\nIn der vergangenen Fraktionssitzung der Gr\u00fcnen am 7.2.18 haben wir entschieden, folgende  Anfrage zu stellen<br \/>\nDer NDR berichtete, dass gef\u00e4hrliche Keime, gegen die viele Antibiotika nicht mehr wirken, B\u00e4che, Fl\u00fcsse und Badeseen verseuchen. In Proben aus Niedersachsen fanden sich multiresistente Erreger.<br \/>\nWir, die Fraktion der Gr\u00fcnen, bitten um Aufkl\u00e4rung, ob derartige Keime auch in Meppener Gew\u00e4ssern gefunden wurden (wann, welche und in welchen Mengen) und was dagegen seitens der Stadt unternommen wird. <\/p>\n","protected":false},"excerpt":{"rendered":"<p>Sehr geehrter Herr B\u00fcrgermeister! In der vergangenen Fraktionssitzung der Gr\u00fcnen am 7.2.18 haben wir entschieden, folgende Anfrage zu stellen Der NDR berichtete, dass gef\u00e4hrliche Keime, gegen die viele Antibiotika nicht [&hellip;]<\/p>\n","protected":false},"author":-1,"featured_media":0,"comment_status":"open","ping_status":"open","sticky":false,"template":"","format":"standard","meta":{"footnotes":""},"categories":[3],"tags":[],"class_list":["post-620","post","type-post","status-publish","format-standard","hentry","category-allgemein"],"_links":{"self":[{"href":"https:\/\/gruene-emsland-mitte.de\/index.php?rest_route=\/wp\/v2\/posts\/620","targetHints":{"allow":["GET"]}}],"collection":[{"href":"https:\/\/gruene-emsland-mitte.de\/index.php?rest_route=\/wp\/v2\/posts"}],"about":[{"href":"https:\/\/gruene-emsland-mitte.de\/index.php?rest_route=\/wp\/v2\/types\/post"}],"author":[{"embeddable":true,"href":"https:\/\/gruene-emsland-mitte.de\/index.php?rest_route=\/wp\/v2\/users\/2"}],"replies":[{"embeddable":true,"href":"https:\/\/gruene-emsland-mitte.de\/index.php?rest_route=%2Fwp%2Fv2%2Fcomments&post=620"}],"version-history":[{"count":1,"href":"https:\/\/gruene-emsland-mitte.de\/index.php?rest_route=\/wp\/v2\/posts\/620\/revisions"}],"predecessor-version":[{"id":622,"href":"https:\/\/gruene-emsland-mitte.de\/index.php?rest_route=\/wp\/v2\/posts\/620\/revisions\/622"}],"wp:attachment":[{"href":"https:\/\/gruene-emsland-mitte.de\/index.php?rest_route=%2Fwp%2Fv2%2Fmedia&parent=620"}],"wp:term":[{"taxonomy":"category","embeddable":true,"href":"https:\/\/gruene-emsland-mitte.de\/index.php?rest_route=%2Fwp%2Fv2%2Fcategories&post=620"},{"taxonomy":"post_tag","embeddable":true,"href":"https:\/\/gruene-emsland-mitte.de\/index.php?rest_route=%2Fwp%2Fv2%2Ftags&post=620"}],"curies":[{"name":"wp","href":"https:\/\/api.w.org\/{rel}","templated":true}]}}