{"id":623,"date":"2018-02-13T21:37:06","date_gmt":"2018-02-13T21:37:06","guid":{"rendered":"http:\/\/die-gruenen-meppen.de\/?p=623"},"modified":"2019-04-28T18:02:19","modified_gmt":"2019-04-28T18:02:19","slug":"ein-jahr-erfolge-der-grunen-im-stadtrat-in-meppen","status":"publish","type":"post","link":"https:\/\/gruene-emsland-mitte.de\/?p=623","title":{"rendered":"Ein Jahr Erfolge der Gr\u00fcnen im Stadtrat in Meppen"},"content":{"rendered":"<p>Eintreten f\u00fcr Kommunale Tr\u00e4gerschaften bei Kiga-Neugr\u00fcndungen, Einsatz f\u00fcr Integration an Meppener Schulen, Kampf gegen E 233 auf allen Ebenen, Unterst\u00fctung caritativer Einrichtungen, Schulsozialarbeit, Engagement gegen \u201eKl\u00fcngel\u201c in der Stadtpolitik (Vier Sterne Hotel), Stadionneubauten, Neue Br\u00fccken, Kampf gegen willk\u00fcrliche Durchforstungen, Unterst\u00fctzungen der BIs in Esterfeld, E233 und Feldkamp, ,Mehr Gr\u00fcn in die Stadt, Katzenkastration, Besuche von Landespolitikern, Einbringen eines Radwegekonzepts, Stadtentwicklung in Esterfeld und Baugebiet \u201eRechts der Ems\u201c, Landwirtschaft, AKW-Lingen<\/p>\n<p>Einladungen\/Pr\u00e4sentation<br \/>\nTag des Ehrenamtes, Kultureinrichtungen-Ausstellungen, Partnerschaften, Weihnachtsmarkt\/Kirmes\/Gedenkfeiern, BI E233, Empf\u00e4nge-SVM\/DFB Pr\u00e4sident, EU-Parlamentarier, M\u00fctterzentrum, Sportvereine, Freilichtb\u00fchne, Jugendzentrum, Seniorenvereinigung, St\u00e4dteversammlung Hameln, Bundespartei-, Europapartei-, Landesdelegiertenkonferenzen<br \/>\nAntr\u00e4ge im Rat<br \/>\nAnregungen und Fragen der Ratsmitglieder, Radwegekonzept, Erhalt von Stra\u00dfenb\u00e4umen, Nitrat im Grundwasser,\u201cMammutbaum\u201c<\/p>\n<p>Arbeit in der Fraktion<br \/>\nWas passiert mit den Fl\u00fcchtlingen nach dem \u201eSpracherwerb\u201c, Wohnungsbaugenossenschaft, Erhalt von Gr\u00fcnstreifen, Gestaltungsverordnung von Vorg\u00e4rten, Verbesserung von Radwegen, Diskussion \u00fcber Tr\u00e4gerschaften, Besprechungen der Delegiertentreffen, Einbringen von Antr\u00e4gen, Ansiedlungen neuer Betriebe und Gesch\u00e4fte, Gestaltung von Pl\u00e4tzen und H\u00f6fen<br \/>\nAusch\u00fcsse<br \/>\nDie Gr\u00fcnen sin in allen Aussch\u00fcssen vertreten und auch im VA<br \/>\nSitzungen im Jahr<br \/>\nTeilnahme an ca 50 Ausschuss und Ratssitzungen, ca. 20 Bgm-Fraktionsvorsitzendenrunden, Teilnahme an Info-Abenden, ca 40 Fraktionssitzungen, Delegiertentagungen etc.<\/p>\n<p>Martin Tecklenburg<\/p>\n","protected":false},"excerpt":{"rendered":"<p>Eintreten f\u00fcr Kommunale Tr\u00e4gerschaften bei Kiga-Neugr\u00fcndungen, Einsatz f\u00fcr Integration an Meppener Schulen, Kampf gegen E 233 auf allen Ebenen, Unterst\u00fctung caritativer Einrichtungen, Schulsozialarbeit, Engagement gegen \u201eKl\u00fcngel\u201c in der Stadtpolitik (Vier [&hellip;]<\/p>\n","protected":false},"author":-1,"featured_media":0,"comment_status":"open","ping_status":"open","sticky":false,"template":"","format":"standard","meta":{"footnotes":""},"categories":[17,26],"tags":[30],"class_list":["post-623","post","type-post","status-publish","format-standard","hentry","category-emsland-mitte","category-meppen","tag-gruenes-leben"],"_links":{"self":[{"href":"https:\/\/gruene-emsland-mitte.de\/index.php?rest_route=\/wp\/v2\/posts\/623","targetHints":{"allow":["GET"]}}],"collection":[{"href":"https:\/\/gruene-emsland-mitte.de\/index.php?rest_route=\/wp\/v2\/posts"}],"about":[{"href":"https:\/\/gruene-emsland-mitte.de\/index.php?rest_route=\/wp\/v2\/types\/post"}],"author":[{"embeddable":true,"href":"https:\/\/gruene-emsland-mitte.de\/index.php?rest_route=\/wp\/v2\/users\/2"}],"replies":[{"embeddable":true,"href":"https:\/\/gruene-emsland-mitte.de\/index.php?rest_route=%2Fwp%2Fv2%2Fcomments&post=623"}],"version-history":[{"count":2,"href":"https:\/\/gruene-emsland-mitte.de\/index.php?rest_route=\/wp\/v2\/posts\/623\/revisions"}],"predecessor-version":[{"id":856,"href":"https:\/\/gruene-emsland-mitte.de\/index.php?rest_route=\/wp\/v2\/posts\/623\/revisions\/856"}],"wp:attachment":[{"href":"https:\/\/gruene-emsland-mitte.de\/index.php?rest_route=%2Fwp%2Fv2%2Fmedia&parent=623"}],"wp:term":[{"taxonomy":"category","embeddable":true,"href":"https:\/\/gruene-emsland-mitte.de\/index.php?rest_route=%2Fwp%2Fv2%2Fcategories&post=623"},{"taxonomy":"post_tag","embeddable":true,"href":"https:\/\/gruene-emsland-mitte.de\/index.php?rest_route=%2Fwp%2Fv2%2Ftags&post=623"}],"curies":[{"name":"wp","href":"https:\/\/api.w.org\/{rel}","templated":true}]}}