{"id":654,"date":"2018-08-28T14:21:57","date_gmt":"2018-08-28T14:21:57","guid":{"rendered":"http:\/\/die-gruenen-meppen.de\/?p=654"},"modified":"2018-08-28T14:21:57","modified_gmt":"2018-08-28T14:21:57","slug":"lebt-seltene-fischart-im-gewasser-bei-nodike","status":"publish","type":"post","link":"https:\/\/gruene-emsland-mitte.de\/?p=654","title":{"rendered":"Lebt seltene Fischart im Gew\u00e4sser bei N\u00f6dike?"},"content":{"rendered":"<h2>Gr\u00fcne fordern Innenverdichtung bei Gewerbefl\u00e4chen-Monitoring<\/h2>\n<p>Ist der Umweltbericht zum Entwurf des Bebauungsplanes Nr. 94.1 der Stadt Meppen zur S\u00fcdlichen Erweiterung des Gewebegebietes N\u00f6dike l\u00fcckenhaft ?\u00a0\u00a0 Ein Tipp aus dem Sportfischermilieu veranlasste die Meppener Gr\u00fcnen bei der Unteren Wasserbeh\u00f6rde des Landkreises Anfang Juli anzufragen, ob dort das Vorkommen des seltenen und unter Naturschutz stehenden\u00a0 Fisches namens \u201eSchlammpeitzger\u201c in einem Gew\u00e4sser nahe des Gewerbegebietes N\u00f6dike bekannt sei. Eine Antwort stehe noch aus.<\/p>\n<p>Der Bauausschuss hatte bereits am 4.Juni die Anregungen aus der fr\u00fchzeitigen Beteiligung der \u00d6ffentlichkeit und der Beh\u00f6rden sowie die Entwurfsbeteiligungen f\u00fcr die \u00f6ffentliche Auslegung gebilligt. Der beigelegte Umweltbericht gab gr\u00fcnes Licht f\u00fcr die weiteren stadtplanerischen Vorhaben.<\/p>\n<p>Die Gr\u00fcnen hatten sich seinerzeit der Stimme enthalten. \u201eSchon damals schon hatte ich Bauschmerzen\u201c, bekennt Ratsherr Carsten Keetz, \u201edenn es widerstrebt gr\u00fcner Politik immer wieder intakte Landschaft mit Gewerbefl\u00e4chen zu versiegeln.\u201c<\/p>\n<p>Doch um nicht als d i e\u00a0 Verweigerer in der Stadtgeschichte einzugehen, habe man im Juni z\u00e4hneknirschend nicht gegen das Bauvorhaben gestimmt. , doch das Stichwort hei\u00dfe f\u00fcr die Gr\u00fcnen: Verdichtung und Nutzung vorhandener brachliegender Fl\u00e4chen.\u201c Doch falls es den \u201eSchlammpeitzger\u201c in dem Gew\u00e4sser tats\u00e4chlich gebe, m\u00fcsse das Vorhaben neu \u00fcberplant werden, so die Gr\u00fcnen.<\/p>\n<p>Ein Blick auf die in Meppen vorhandenen Gewerbegebiete zeige laut der gr\u00fcnen Stadtratsfraktion brachliegende sowie freie Gewerbefl\u00e4chen.<\/p>\n<p>\u201eHier ist die Verwaltung den Vorgaben der Wirtschaft gefolgt, kritisiert Fraktionsvorsitzender Martin Tecklenburg die Beh\u00f6rde. In N\u00f6dike fallen beispielsweise leerstehende Hallen und bachliegende Fl\u00e4chen ins Auge. F\u00fcr wenig Geld haben sich Unternehmer dort Land gekauft und auch\u00a0 Eigenheime gebaut. Man finde dort ebenfalls\u00a0 eine Wiese mit Strau\u00dfengehege sowie eine landwirtschaftlich genutzte Fl\u00e4che. Im Bereich Gewerbegebiet Riedemannstra\u00dfe warte zwar eine zukunftsf\u00e4hige Bebauung nun schon Jahrzehnte. Der geplante gro\u00dfe Wurf mit stadtplanerischen Visionen wird\u00a0 zwar laut Bauamt\u00a0 gerade\u00a0 entwickelt, werde aber noch Jahre dauern, so Tecklenburg.<\/p>\n","protected":false},"excerpt":{"rendered":"<p>Gr\u00fcne fordern Innenverdichtung bei Gewerbefl\u00e4chen-Monitoring Ist der Umweltbericht zum Entwurf des Bebauungsplanes Nr. 94.1 der Stadt Meppen zur S\u00fcdlichen Erweiterung des Gewebegebietes N\u00f6dike l\u00fcckenhaft ?\u00a0\u00a0 Ein Tipp aus dem Sportfischermilieu [&hellip;]<\/p>\n","protected":false},"author":-1,"featured_media":0,"comment_status":"open","ping_status":"open","sticky":false,"template":"","format":"standard","meta":{"footnotes":""},"categories":[3],"tags":[],"class_list":["post-654","post","type-post","status-publish","format-standard","hentry","category-allgemein"],"_links":{"self":[{"href":"https:\/\/gruene-emsland-mitte.de\/index.php?rest_route=\/wp\/v2\/posts\/654","targetHints":{"allow":["GET"]}}],"collection":[{"href":"https:\/\/gruene-emsland-mitte.de\/index.php?rest_route=\/wp\/v2\/posts"}],"about":[{"href":"https:\/\/gruene-emsland-mitte.de\/index.php?rest_route=\/wp\/v2\/types\/post"}],"author":[{"embeddable":true,"href":"https:\/\/gruene-emsland-mitte.de\/index.php?rest_route=\/wp\/v2\/users\/1"}],"replies":[{"embeddable":true,"href":"https:\/\/gruene-emsland-mitte.de\/index.php?rest_route=%2Fwp%2Fv2%2Fcomments&post=654"}],"version-history":[{"count":2,"href":"https:\/\/gruene-emsland-mitte.de\/index.php?rest_route=\/wp\/v2\/posts\/654\/revisions"}],"predecessor-version":[{"id":656,"href":"https:\/\/gruene-emsland-mitte.de\/index.php?rest_route=\/wp\/v2\/posts\/654\/revisions\/656"}],"wp:attachment":[{"href":"https:\/\/gruene-emsland-mitte.de\/index.php?rest_route=%2Fwp%2Fv2%2Fmedia&parent=654"}],"wp:term":[{"taxonomy":"category","embeddable":true,"href":"https:\/\/gruene-emsland-mitte.de\/index.php?rest_route=%2Fwp%2Fv2%2Fcategories&post=654"},{"taxonomy":"post_tag","embeddable":true,"href":"https:\/\/gruene-emsland-mitte.de\/index.php?rest_route=%2Fwp%2Fv2%2Ftags&post=654"}],"curies":[{"name":"wp","href":"https:\/\/api.w.org\/{rel}","templated":true}]}}