{"id":664,"date":"2018-09-14T16:51:20","date_gmt":"2018-09-14T16:51:20","guid":{"rendered":"http:\/\/die-gruenen-meppen.de\/?p=664"},"modified":"2018-09-14T16:51:20","modified_gmt":"2018-09-14T16:51:20","slug":"grune-beklagen-vandalismus","status":"publish","type":"post","link":"https:\/\/gruene-emsland-mitte.de\/?p=664","title":{"rendered":"Gr\u00fcne beklagen Vandalismus"},"content":{"rendered":"<p>Das unter breiter Beteiligung von E33-Gegnern direkt am M\u00f6llersee aufgeh\u00e4ngte Plakat der B\u00fcndnisgr\u00fcnen (Text: Autobahn statt Baden gehen- das Ende vom M\u00f6llersee) ist von Unbekannten entfernt worden. Auch weitere dort befestigte Flyer seien spurlos verschwunden. Die Aktion sei vor etwa vier Wochen gemeinsam mit der Eigent\u00fcmerfamilie des Gel\u00e4ndes sowie der \u201cBI Exit 233\u201c und weiteren<br \/>\nAkteuren organisiert worden. Mit dem Ziel, die Besucher des Badestrandes darauf hinzuweisen, dass die geplante Autobahn den M\u00f6llersee direkt schneidet.<br \/>\n\u201eDie Gr\u00fcnen werden Strafantrag stellen\u201c, so OV-Vorsitzender Carsten Keetz, \u201eals ob es nicht schon schwer genug w\u00e4re, die \u00d6ffentlichkeit kritisch auf dem Laufenden zu halten, kommen jetzt unbekannte Dumpfbacken und klauen uns das teure St\u00fcck.\u201c<\/p>\n","protected":false},"excerpt":{"rendered":"<p>Das unter breiter Beteiligung von E33-Gegnern direkt am M\u00f6llersee aufgeh\u00e4ngte Plakat der B\u00fcndnisgr\u00fcnen (Text: Autobahn statt Baden gehen- das Ende vom M\u00f6llersee) ist von Unbekannten entfernt worden. Auch weitere dort [&hellip;]<\/p>\n","protected":false},"author":-1,"featured_media":0,"comment_status":"open","ping_status":"open","sticky":false,"template":"","format":"standard","meta":{"footnotes":""},"categories":[3],"tags":[],"class_list":["post-664","post","type-post","status-publish","format-standard","hentry","category-allgemein"],"_links":{"self":[{"href":"https:\/\/gruene-emsland-mitte.de\/index.php?rest_route=\/wp\/v2\/posts\/664","targetHints":{"allow":["GET"]}}],"collection":[{"href":"https:\/\/gruene-emsland-mitte.de\/index.php?rest_route=\/wp\/v2\/posts"}],"about":[{"href":"https:\/\/gruene-emsland-mitte.de\/index.php?rest_route=\/wp\/v2\/types\/post"}],"author":[{"embeddable":true,"href":"https:\/\/gruene-emsland-mitte.de\/index.php?rest_route=\/wp\/v2\/users\/2"}],"replies":[{"embeddable":true,"href":"https:\/\/gruene-emsland-mitte.de\/index.php?rest_route=%2Fwp%2Fv2%2Fcomments&post=664"}],"version-history":[{"count":1,"href":"https:\/\/gruene-emsland-mitte.de\/index.php?rest_route=\/wp\/v2\/posts\/664\/revisions"}],"predecessor-version":[{"id":665,"href":"https:\/\/gruene-emsland-mitte.de\/index.php?rest_route=\/wp\/v2\/posts\/664\/revisions\/665"}],"wp:attachment":[{"href":"https:\/\/gruene-emsland-mitte.de\/index.php?rest_route=%2Fwp%2Fv2%2Fmedia&parent=664"}],"wp:term":[{"taxonomy":"category","embeddable":true,"href":"https:\/\/gruene-emsland-mitte.de\/index.php?rest_route=%2Fwp%2Fv2%2Fcategories&post=664"},{"taxonomy":"post_tag","embeddable":true,"href":"https:\/\/gruene-emsland-mitte.de\/index.php?rest_route=%2Fwp%2Fv2%2Ftags&post=664"}],"curies":[{"name":"wp","href":"https:\/\/api.w.org\/{rel}","templated":true}]}}