{"id":697,"date":"2018-12-28T21:32:37","date_gmt":"2018-12-28T21:32:37","guid":{"rendered":"http:\/\/die-gruenen-meppen.de\/?p=697"},"modified":"2021-02-16T14:29:21","modified_gmt":"2021-02-16T14:29:21","slug":"gute-wunsche-fur-das-neue-jahr-2019","status":"publish","type":"post","link":"https:\/\/gruene-emsland-mitte.de\/?p=697","title":{"rendered":"Gute W\u00fcnsche f\u00fcr das neue Jahr  2019"},"content":{"rendered":"<p>Allen Sympis sowie Freundinnen und Freunden w\u00fcnschen wir Gl\u00fcck, Erfolg und Zufriedenheit f\u00fcr das kommende Jahr. Im Interesse unseres Landes, unserer Heimat und der Natur wollen wir uns f\u00fcr eine intakte Gesellschaft und gesunde Natur einsetzen. Die Europawahl wird d i e Herausforderung der demokratischen  Parteien gegen rechtsradikale Gesinnungen und lebensfeindliche industrielle Techniken aufzustehen. Packen wir es an !<\/p>\n","protected":false},"excerpt":{"rendered":"<p>Allen Sympis sowie Freundinnen und Freunden w\u00fcnschen wir Gl\u00fcck, Erfolg und Zufriedenheit f\u00fcr das kommende Jahr. Im Interesse unseres Landes, unserer Heimat und der Natur wollen wir uns f\u00fcr eine [&hellip;]<\/p>\n","protected":false},"author":-1,"featured_media":0,"comment_status":"open","ping_status":"open","sticky":false,"template":"","format":"standard","meta":{"footnotes":""},"categories":[17],"tags":[30],"class_list":["post-697","post","type-post","status-publish","format-standard","hentry","category-emsland-mitte","tag-gruenes-leben"],"_links":{"self":[{"href":"https:\/\/gruene-emsland-mitte.de\/index.php?rest_route=\/wp\/v2\/posts\/697","targetHints":{"allow":["GET"]}}],"collection":[{"href":"https:\/\/gruene-emsland-mitte.de\/index.php?rest_route=\/wp\/v2\/posts"}],"about":[{"href":"https:\/\/gruene-emsland-mitte.de\/index.php?rest_route=\/wp\/v2\/types\/post"}],"author":[{"embeddable":true,"href":"https:\/\/gruene-emsland-mitte.de\/index.php?rest_route=\/wp\/v2\/users\/2"}],"replies":[{"embeddable":true,"href":"https:\/\/gruene-emsland-mitte.de\/index.php?rest_route=%2Fwp%2Fv2%2Fcomments&post=697"}],"version-history":[{"count":3,"href":"https:\/\/gruene-emsland-mitte.de\/index.php?rest_route=\/wp\/v2\/posts\/697\/revisions"}],"predecessor-version":[{"id":1690,"href":"https:\/\/gruene-emsland-mitte.de\/index.php?rest_route=\/wp\/v2\/posts\/697\/revisions\/1690"}],"wp:attachment":[{"href":"https:\/\/gruene-emsland-mitte.de\/index.php?rest_route=%2Fwp%2Fv2%2Fmedia&parent=697"}],"wp:term":[{"taxonomy":"category","embeddable":true,"href":"https:\/\/gruene-emsland-mitte.de\/index.php?rest_route=%2Fwp%2Fv2%2Fcategories&post=697"},{"taxonomy":"post_tag","embeddable":true,"href":"https:\/\/gruene-emsland-mitte.de\/index.php?rest_route=%2Fwp%2Fv2%2Ftags&post=697"}],"curies":[{"name":"wp","href":"https:\/\/api.w.org\/{rel}","templated":true}]}}