{"id":7,"date":"2012-01-13T17:56:38","date_gmt":"2012-01-13T17:56:38","guid":{"rendered":"http:\/\/die-gruenen-meppen.de\/?p=7"},"modified":"2021-08-04T09:00:31","modified_gmt":"2021-08-04T09:00:31","slug":"fahrradring-in-meppen","status":"publish","type":"post","link":"https:\/\/gruene-emsland-mitte.de\/?p=7","title":{"rendered":"Fahrradring in Meppen"},"content":{"rendered":"<p><a href=\"https:\/\/gruene-emsland-mitte.de\/wp-content\/uploads\/2012\/03\/fahrradring-klein.jpg\"><img loading=\"lazy\" decoding=\"async\" class=\"aligncenter size-full wp-image-8\" title=\"fahrradring-klein\" src=\"https:\/\/gruene-emsland-mitte.de\/wp-content\/uploads\/2012\/03\/fahrradring-klein.jpg\" alt=\"\" width=\"366\" height=\"732\" srcset=\"https:\/\/gruene-emsland-mitte.de\/wp-content\/uploads\/2012\/03\/fahrradring-klein.jpg 366w, https:\/\/gruene-emsland-mitte.de\/wp-content\/uploads\/2012\/03\/fahrradring-klein-150x300.jpg 150w\" sizes=\"auto, (max-width: 366px) 100vw, 366px\" \/><\/a><span style=\"font-family: VERDANA;\"><span style=\"font-family: VERDANA;\"><span style=\"font-size: x-small;\"><span style=\"font-size: x-small;\"><span style=\"font-size: x-small;\">Am 6. August 2011 startet die Aktion in der Fu\u00dfg\u00e4ngerzone der Altstadt,<br \/>\nbis zum 10. September 2011 wird jeden Samstag weiter geworben!<\/span><\/span><\/span><\/span><\/span><\/p>\n<h1 style=\"text-align: center;\">Presseinformationen<\/h1>\n<h2><strong>Fahrradring in Meppen<\/strong><\/h2>\n<p>Anl\u00e4sslich der Unterschriftenaktion vom 6. August 2011 bis 10. September 2011,<br \/>\nin der Fu\u00dfg\u00e4ngerzone und Umzu wurden 1.164 Unterschriften f\u00fcr das Radfahrkonzept gesammelt!<br \/>\nAm Mittwoch 28. September 2011 werden die Listen Herrn B\u00fcrgermeister Bohling \u00fcbergeben<\/p>\n<p><strong>Vielen Dank!<\/strong><br \/>\n<a href=\"https:\/\/gruene-emsland-mitte.de\/wp-content\/uploads\/2012\/03\/fahrradring1.jpg\"><img loading=\"lazy\" decoding=\"async\" class=\"alignleft size-full wp-image-9\" title=\"fahrradring1\" src=\"https:\/\/gruene-emsland-mitte.de\/wp-content\/uploads\/2012\/03\/fahrradring1.jpg\" alt=\"\" width=\"588\" height=\"392\" srcset=\"https:\/\/gruene-emsland-mitte.de\/wp-content\/uploads\/2012\/03\/fahrradring1.jpg 588w, https:\/\/gruene-emsland-mitte.de\/wp-content\/uploads\/2012\/03\/fahrradring1-300x200.jpg 300w, https:\/\/gruene-emsland-mitte.de\/wp-content\/uploads\/2012\/03\/fahrradring1-450x300.jpg 450w\" sizes=\"auto, (max-width: 588px) 100vw, 588px\" \/><\/a><\/p>\n<p><strong>Meppener Gr\u00fcne und der ADFC stellen Konzept f\u00fcr einen Fahrradring in Meppen vor<\/strong><br \/>\n<strong>Unterschriftenaktion f\u00fcr mehr Sicherheit im Stra\u00dfenverkehr und auf dem Schulweg<\/strong><\/p>\n<p>Dies ist ein entscheidender Weg hin zur Entlastung des Stra\u00dfenverlaufs Schullendamm &#8211; Emsbr\u00fccke &#8211; Emstra\u00dfe &#8211; Hasestra\u00dfe &#8211; Hubbr\u00fccke &#8211; Herzog Arenberg Stra\u00dfe. Damit ist auch ein wesentlicher Schritt f\u00fcr den fl\u00fcssigeren Verkehr zwischen Bahnhofstra\u00dfe und der Altstadt vorgenommen.<\/p>\n<p>Eine Neugestaltung der Fahrradwege ist schon allein aus dem Blick der Umweltvertr\u00e4glichkeit und der Gelegenheit, hierdurch mehr B\u00fcrger aufs Rad zu bekommen ein entscheidender Schritt zur Energieeinsparung und der Vermeidung von Umweltverschmutzung.<\/p>\n<p>Mit Blick auf die k\u00fcnftigen Umbauten und Neubebauungen im Stadtbereich w\u00e4re es fatal, wenn die Fahrradwege unber\u00fccksichtigt blieben. Das Konzept sieht als gr\u00f6\u00dfte Ma\u00dfnahme den Bau von vier Rad- und Gehwegbr\u00fccken vor.<\/p>\n<p>Der neue Verlauf des Radverkehrs von Esterfeld an die Altstadt und Teglingen\/Schwefingen erfolgt \u00fcber eine Br\u00fccke vom Schullendamm \u00fcber die Ems zum BBZ, im hinteren Bereich des Campingplatzes. Im Zusammenhang mit dem Vorschlag ist in diesem Bereich eine zus\u00e4tzliche Abfahrt von der Umgehungsstra\u00dfe einzurichten. So kann schon im Vorfeld eine weitgehend kreuzungsfreie L\u00f6sung erarbeitet werden. Die n\u00e4chste Flussquerung entst\u00fcnde im Verlauf der Esterfelderstiege nach Nord-Ost abbiegend zum ehemaligen Hafengel\u00e4nde, in H\u00f6he der Br\u00fccke Umgehungsstra\u00dfe auf dem ehemaligen Verlauf des Kabelkrans. Hier\u00fcber flie\u00dft prim\u00e4r der Radverkehr von Esterfeld in die Neustadt, z.B. zum Marianum, zur WTD und zum Stadion. Die dritte Br\u00fccke \u00fcberquert die Hase am Ende des Industriegebiets Riedemannstra\u00dfe, zur Entlastung des Verkehrs aus dem Bereich Feldkamp\/Teglingen in die Neustadt. Als L\u00fcckenschluss des Rings w\u00e4re das Nadel\u00f6hr der einspurigen Br\u00fccken an der Schleusengruppe in Teglingen zu beseitigen und hier parallel eine Rad- und Gehwegbr\u00fccke zu errichten.<\/p>\n<p>Wie aus der vorliegenden Karte ersichtlich, ist somit ein geschlossener Fahrradring entstanden, der durch eine entsprechende Beschilderung, insbesondere f\u00fcr Ortsfremde, kenntlich gemacht werden muss. Die notwendigen \u00fcber- und Unterf\u00fchrungen entlang der Trasse der Deutschen Bahn k\u00f6nnen mit den vorgeschlagenen Umbauten im Bahnbereich und am Bahnhof abgestimmt werden. Wir verstehen dies als sinnvolle Erg\u00e4nzung mit den anstehenden verkehrstechnischen Bauma\u00dfnahmen der n\u00e4chsten Jahre und sehen darin eine deutliche Verbesserung der Radfahrsituation in Meppen.<\/p>\n<p>Links zum Thema Fahrrad und Kommunen:<\/p>\n<p><a href=\"https:\/\/www.noz.de\/lokales\/meppen\/artikel\/52875\/grune-und-adfc-stellen-fahrradwegekonzept-fur-meppen-vor\" target=\"_blank\" rel=\"noopener\">Fahrradwegekonzept f\u00fcr Meppen<\/a><\/p>\n<p><a href=\"http:\/\/www.fahrradakademie.de\/konzept\/index.phtml\" target=\"_blank\" rel=\"noopener\">Fahrradakademie &#8211; Bundesministerium f\u00fcr Verkehr, Bau und Stadtentwicklung<\/a><\/p>\n<p><a href=\"http:\/\/www.pressemitteilungen-online.de\/index.php\/fahrrad-schnellstrasse-in-kopenhagen-ein-paradies-fuer-drahtesel\/\" target=\"_blank\" rel=\"noopener\">Pressemitteilungen online &#8211; Fahrrad Schnellstra\u00dfe in Kopenhagen<\/a><\/p>\n","protected":false},"excerpt":{"rendered":"<p>Am 6. August 2011 startet die Aktion in der Fu\u00dfg\u00e4ngerzone der Altstadt, bis zum 10. September 2011 wird jeden Samstag weiter geworben! Presseinformationen Fahrradring in Meppen Anl\u00e4sslich der Unterschriftenaktion vom [&hellip;]<\/p>\n","protected":false},"author":-1,"featured_media":0,"comment_status":"open","ping_status":"open","sticky":false,"template":"","format":"standard","meta":{"footnotes":""},"categories":[21],"tags":[],"class_list":["post-7","post","type-post","status-publish","format-standard","hentry","category-ueberregional"],"_links":{"self":[{"href":"https:\/\/gruene-emsland-mitte.de\/index.php?rest_route=\/wp\/v2\/posts\/7","targetHints":{"allow":["GET"]}}],"collection":[{"href":"https:\/\/gruene-emsland-mitte.de\/index.php?rest_route=\/wp\/v2\/posts"}],"about":[{"href":"https:\/\/gruene-emsland-mitte.de\/index.php?rest_route=\/wp\/v2\/types\/post"}],"author":[{"embeddable":true,"href":"https:\/\/gruene-emsland-mitte.de\/index.php?rest_route=\/wp\/v2\/users\/1"}],"replies":[{"embeddable":true,"href":"https:\/\/gruene-emsland-mitte.de\/index.php?rest_route=%2Fwp%2Fv2%2Fcomments&post=7"}],"version-history":[{"count":7,"href":"https:\/\/gruene-emsland-mitte.de\/index.php?rest_route=\/wp\/v2\/posts\/7\/revisions"}],"predecessor-version":[{"id":2002,"href":"https:\/\/gruene-emsland-mitte.de\/index.php?rest_route=\/wp\/v2\/posts\/7\/revisions\/2002"}],"wp:attachment":[{"href":"https:\/\/gruene-emsland-mitte.de\/index.php?rest_route=%2Fwp%2Fv2%2Fmedia&parent=7"}],"wp:term":[{"taxonomy":"category","embeddable":true,"href":"https:\/\/gruene-emsland-mitte.de\/index.php?rest_route=%2Fwp%2Fv2%2Fcategories&post=7"},{"taxonomy":"post_tag","embeddable":true,"href":"https:\/\/gruene-emsland-mitte.de\/index.php?rest_route=%2Fwp%2Fv2%2Ftags&post=7"}],"curies":[{"name":"wp","href":"https:\/\/api.w.org\/{rel}","templated":true}]}}