{"id":82,"date":"2012-05-12T15:25:34","date_gmt":"2012-05-12T15:25:34","guid":{"rendered":"http:\/\/die-gruenen-meppen.de\/?p=82"},"modified":"2012-07-01T15:27:24","modified_gmt":"2012-07-01T15:27:24","slug":"flugblatt-zur-anhorung-massentierhaltung","status":"publish","type":"post","link":"https:\/\/gruene-emsland-mitte.de\/?p=82","title":{"rendered":"Flugblatt zur Anh\u00f6rung Massentierhaltung"},"content":{"rendered":"<h2>Keine Massentierhaltung am Baugebiet \u201eFeldkamp &#8211; S\u00fcd&#8220; !!!!!<\/h2>\n<p>Sehr geehrte Damen und Herren, liebe Anwohner im Feldkamp &#8211; S\u00fcd !<\/p>\n<p>Am 16. Mai findet um 18.30 Uhr im Ratssaal der Stadt Meppen, Kirchstra\u00dfe, ein Er\u00f6rterungstermin statt, in dem es um die \u00c4nderung des Bebauungsplans \u201eS\u00fcdlicher Siedlungsrand Meppen&#8220; geht.<br \/>\nDadurch wird einem hiesigen Landwirt die M\u00f6glichkeit gegeben, seinen geplanten Biohennenlegestall , der bereits 2010 abgelehnt wurde, nun doch in unmittelbarer N\u00e4he zum Wohngebiet errichten zu k\u00f6nnen.<br \/>\nBei diesem Vorhaben handelt es sich um einen Stall f\u00fcr <span style=\"text-decoration: underline;\"><strong>24 000 H\u00fchner!!!!!!!<\/strong><\/span><br \/>\nFalls das genehmigt werden sollte, kann sich wohl jeder vorstellen, was das f\u00fcr unser Wohngebiet bedeutet: Geruchsbel\u00e4stigung \u00fcbers ganze Jahr, Feinstaubbelastung, Wertminderung und Qualit\u00e4tsverlust der Grundst\u00fccke usw.<br \/>\nEs ist absolut nicht notwendig, den Bebauungsplan soweit zu \u00e4ndern, dass Massentierst\u00e4lle so nah am Wohngebiet entstehen k\u00f6nnen, im Hinterland ist mehr als ausreichend Platz f\u00fcr so gro\u00dfe Anlagen.<br \/>\nDeshalb lassen Sie uns gemeinsam diesen Termin<br \/>\n<strong>am 16. Mai um 18.30 Uhr im Ratssaal der Stadt Meppen<\/strong><br \/>\nwahrnehmen, es geht hier um unsere Zukunft im Feldkamp !<\/p>\n","protected":false},"excerpt":{"rendered":"<p>Keine Massentierhaltung am Baugebiet \u201eFeldkamp &#8211; S\u00fcd&#8220; !!!!! Sehr geehrte Damen und Herren, liebe Anwohner im Feldkamp &#8211; S\u00fcd ! Am 16. Mai findet um 18.30 Uhr im Ratssaal der [&hellip;]<\/p>\n","protected":false},"author":-1,"featured_media":0,"comment_status":"open","ping_status":"open","sticky":false,"template":"","format":"standard","meta":{"footnotes":""},"categories":[3],"tags":[],"class_list":["post-82","post","type-post","status-publish","format-standard","hentry","category-allgemein"],"_links":{"self":[{"href":"https:\/\/gruene-emsland-mitte.de\/index.php?rest_route=\/wp\/v2\/posts\/82","targetHints":{"allow":["GET"]}}],"collection":[{"href":"https:\/\/gruene-emsland-mitte.de\/index.php?rest_route=\/wp\/v2\/posts"}],"about":[{"href":"https:\/\/gruene-emsland-mitte.de\/index.php?rest_route=\/wp\/v2\/types\/post"}],"author":[{"embeddable":true,"href":"https:\/\/gruene-emsland-mitte.de\/index.php?rest_route=\/wp\/v2\/users\/1"}],"replies":[{"embeddable":true,"href":"https:\/\/gruene-emsland-mitte.de\/index.php?rest_route=%2Fwp%2Fv2%2Fcomments&post=82"}],"version-history":[{"count":2,"href":"https:\/\/gruene-emsland-mitte.de\/index.php?rest_route=\/wp\/v2\/posts\/82\/revisions"}],"predecessor-version":[{"id":84,"href":"https:\/\/gruene-emsland-mitte.de\/index.php?rest_route=\/wp\/v2\/posts\/82\/revisions\/84"}],"wp:attachment":[{"href":"https:\/\/gruene-emsland-mitte.de\/index.php?rest_route=%2Fwp%2Fv2%2Fmedia&parent=82"}],"wp:term":[{"taxonomy":"category","embeddable":true,"href":"https:\/\/gruene-emsland-mitte.de\/index.php?rest_route=%2Fwp%2Fv2%2Fcategories&post=82"},{"taxonomy":"post_tag","embeddable":true,"href":"https:\/\/gruene-emsland-mitte.de\/index.php?rest_route=%2Fwp%2Fv2%2Ftags&post=82"}],"curies":[{"name":"wp","href":"https:\/\/api.w.org\/{rel}","templated":true}]}}