{"id":86,"date":"2012-07-14T17:18:23","date_gmt":"2012-07-14T17:18:23","guid":{"rendered":"http:\/\/die-gruenen-meppen.de\/?p=86"},"modified":"2012-07-14T17:19:15","modified_gmt":"2012-07-14T17:19:15","slug":"ein-leserbrief-zu-glasbrucke","status":"publish","type":"post","link":"https:\/\/gruene-emsland-mitte.de\/?p=86","title":{"rendered":"Ein Leserbrief zu &#8218;Glasbr\u00fccke&#8216;"},"content":{"rendered":"<p>Sehr geehrter Herr Tallen,<br \/>\nsoll man \u00fcberrascht sein \u00fcber soviel Spontaneit\u00e4t, dass Sie genau passend zum B\u00fcrgerentscheid am Sonntag die Glasbr\u00fcckenidee pr\u00e4sentieren? Oder war das gar nicht so spontan, sondern im Gegenteil von langer Hand geplant, weil Herr Mammes drei Stellen in der Zeitung freihalten musste, weil die CDU-Granden einschlie\u00dflich des betroffenen Fachministers alle p\u00fcnktlich zur Stelle waren?<br \/>\nOder soll man sich \u00e4rgern, dass Sie mit einer solchen Aktion so durchsichtig nur die \u00f6rtliche UWG treffen wollen?<br \/>\nSoll Ihr Vorschlag, den Sie Herrn Schulte in den Mund legen, die Wahlberechtigten von der Abstimmung am Sonntag<br \/>\nabhalten?<br \/>\nNach all Ihren \u00c4u\u00dferungen, die die Br\u00fccke an der Hasem\u00fcndung als viel zu teuer und daher unmachbar darstellen, d\u00fcrften der Abri\u00df und Neubau des Amtsgerichts, der Neubau eines &#8222;Br\u00fcckenhauses&#8220; und schlie\u00dflich auch der Neubau einer solchen Fu\u00dfg\u00e4nger-Br\u00fccke \u00fcber die Bauhofinsel f\u00fcr die Stadt nicht tragbar sein. Und sie l\u00f6st immer noch nicht die Verkehrsprobleme, die Sie sich am Windthortsplatz selbst eingebrockt haben.<br \/>\nIst Ihre Angst vor dem Abstimmungsergebnis, Ihre Angst also vor den Meppenern, so gro\u00df, dass Sie zu so utopischen Strohhalmen greifen? Meinen Sie wirklich, Sie gingen gerade unter?<br \/>\nMit freundlichen Gr\u00fc\u00dfen<br \/>\nWolfgang L\u00f6ning<\/p>\n","protected":false},"excerpt":{"rendered":"<p>Sehr geehrter Herr Tallen, soll man \u00fcberrascht sein \u00fcber soviel Spontaneit\u00e4t, dass Sie genau passend zum B\u00fcrgerentscheid am Sonntag die Glasbr\u00fcckenidee pr\u00e4sentieren? Oder war das gar nicht so spontan, sondern [&hellip;]<\/p>\n","protected":false},"author":-1,"featured_media":0,"comment_status":"open","ping_status":"open","sticky":false,"template":"","format":"standard","meta":{"footnotes":""},"categories":[3],"tags":[],"class_list":["post-86","post","type-post","status-publish","format-standard","hentry","category-allgemein"],"_links":{"self":[{"href":"https:\/\/gruene-emsland-mitte.de\/index.php?rest_route=\/wp\/v2\/posts\/86","targetHints":{"allow":["GET"]}}],"collection":[{"href":"https:\/\/gruene-emsland-mitte.de\/index.php?rest_route=\/wp\/v2\/posts"}],"about":[{"href":"https:\/\/gruene-emsland-mitte.de\/index.php?rest_route=\/wp\/v2\/types\/post"}],"author":[{"embeddable":true,"href":"https:\/\/gruene-emsland-mitte.de\/index.php?rest_route=\/wp\/v2\/users\/1"}],"replies":[{"embeddable":true,"href":"https:\/\/gruene-emsland-mitte.de\/index.php?rest_route=%2Fwp%2Fv2%2Fcomments&post=86"}],"version-history":[{"count":2,"href":"https:\/\/gruene-emsland-mitte.de\/index.php?rest_route=\/wp\/v2\/posts\/86\/revisions"}],"predecessor-version":[{"id":88,"href":"https:\/\/gruene-emsland-mitte.de\/index.php?rest_route=\/wp\/v2\/posts\/86\/revisions\/88"}],"wp:attachment":[{"href":"https:\/\/gruene-emsland-mitte.de\/index.php?rest_route=%2Fwp%2Fv2%2Fmedia&parent=86"}],"wp:term":[{"taxonomy":"category","embeddable":true,"href":"https:\/\/gruene-emsland-mitte.de\/index.php?rest_route=%2Fwp%2Fv2%2Fcategories&post=86"},{"taxonomy":"post_tag","embeddable":true,"href":"https:\/\/gruene-emsland-mitte.de\/index.php?rest_route=%2Fwp%2Fv2%2Ftags&post=86"}],"curies":[{"name":"wp","href":"https:\/\/api.w.org\/{rel}","templated":true}]}}