{"id":950,"date":"2019-05-13T18:08:05","date_gmt":"2019-05-13T18:08:05","guid":{"rendered":"https:\/\/die-gruenen-meppen.de\/?p=950"},"modified":"2019-05-13T18:10:43","modified_gmt":"2019-05-13T18:10:43","slug":"950","status":"publish","type":"post","link":"https:\/\/gruene-emsland-mitte.de\/?p=950","title":{"rendered":"Plastikflut beenden"},"content":{"rendered":"\n<p>Am Samstag, d. 11.05.19 ab 9 Uhr, konnten sich Passanten in der Meppener &nbsp;Windhorststra\u00dfe mit dem Thema \u201ePlastikflut beenden\u201c besch\u00e4ftigen. Der gr\u00fcne Ortsverband Emsland-Mitte machte im Rahmen der Europawahl auf den besorgniserregenden Zustand in Wasser und Boden aufmerksam. Bis zum Jahr 2050 k\u00f6nnte es in den Meeren mehr Plastik als Fische geben. J\u00e4hrlich landen acht Millionen Tonnen Plastik in den Meeren, das entspricht eine M\u00fcllwagenladung pro Minute, so die Meppener Gr\u00fcnen in einer Presseerkl\u00e4rung. \u00dcbrigens besuchten CDU-Landratsmitglied Bernd-Carsten Hiebig sowie sein Kollege aus dem Bundestag,&nbsp; Albert Stegmann, den Meppener Stand. Auch Landratskandiat Georg Hennekes sowie der Vorsitzende der Meppener SPD schauten vorbei. Alle Besucher konnten sich im Rahmen einer kleinen Pr\u00e4sentation \u00fcber den Klimakiller Plastik informieren, sowie anhand eines&nbsp;Umweltquiz ` \u00fcber das Thema umfassender informieren. <br> &nbsp;<\/p>\n","protected":false},"excerpt":{"rendered":"<p>Am Samstag, d. 11.05.19 ab 9 Uhr, konnten sich Passanten in der Meppener &nbsp;Windhorststra\u00dfe mit dem Thema \u201ePlastikflut beenden\u201c besch\u00e4ftigen. Der gr\u00fcne Ortsverband Emsland-Mitte machte im Rahmen der Europawahl auf [&hellip;]<\/p>\n","protected":false},"author":-1,"featured_media":955,"comment_status":"open","ping_status":"open","sticky":false,"template":"","format":"standard","meta":{"footnotes":""},"categories":[18,17,26],"tags":[38],"class_list":["post-950","post","type-post","status-publish","format-standard","has-post-thumbnail","hentry","category-emsland","category-emsland-mitte","category-meppen","tag-plastikmuell"],"_links":{"self":[{"href":"https:\/\/gruene-emsland-mitte.de\/index.php?rest_route=\/wp\/v2\/posts\/950","targetHints":{"allow":["GET"]}}],"collection":[{"href":"https:\/\/gruene-emsland-mitte.de\/index.php?rest_route=\/wp\/v2\/posts"}],"about":[{"href":"https:\/\/gruene-emsland-mitte.de\/index.php?rest_route=\/wp\/v2\/types\/post"}],"author":[{"embeddable":true,"href":"https:\/\/gruene-emsland-mitte.de\/index.php?rest_route=\/wp\/v2\/users\/1"}],"replies":[{"embeddable":true,"href":"https:\/\/gruene-emsland-mitte.de\/index.php?rest_route=%2Fwp%2Fv2%2Fcomments&post=950"}],"version-history":[{"count":8,"href":"https:\/\/gruene-emsland-mitte.de\/index.php?rest_route=\/wp\/v2\/posts\/950\/revisions"}],"predecessor-version":[{"id":960,"href":"https:\/\/gruene-emsland-mitte.de\/index.php?rest_route=\/wp\/v2\/posts\/950\/revisions\/960"}],"wp:featuredmedia":[{"embeddable":true,"href":"https:\/\/gruene-emsland-mitte.de\/index.php?rest_route=\/wp\/v2\/media\/955"}],"wp:attachment":[{"href":"https:\/\/gruene-emsland-mitte.de\/index.php?rest_route=%2Fwp%2Fv2%2Fmedia&parent=950"}],"wp:term":[{"taxonomy":"category","embeddable":true,"href":"https:\/\/gruene-emsland-mitte.de\/index.php?rest_route=%2Fwp%2Fv2%2Fcategories&post=950"},{"taxonomy":"post_tag","embeddable":true,"href":"https:\/\/gruene-emsland-mitte.de\/index.php?rest_route=%2Fwp%2Fv2%2Ftags&post=950"}],"curies":[{"name":"wp","href":"https:\/\/api.w.org\/{rel}","templated":true}]}}